{"id":765,"date":"2002-11-27T19:59:08","date_gmt":"2002-11-27T19:59:08","guid":{"rendered":"http:\/\/eimuth.de\/?p=765"},"modified":"2002-11-27T19:59:08","modified_gmt":"2002-11-27T19:59:08","slug":"neues-wissen-fur-erzieher","status":"publish","type":"post","link":"https:\/\/eimuth.de\/?p=765","title":{"rendered":"Neues Wissen f\u00fcr Erzieher"},"content":{"rendered":"<p><span style=\"font-family: arial;\"><strong><span style=\"font-family: Arial;\">Frankfurter Rundschau, 27.11.2002<br \/>\n<\/span><\/strong> <strong><span style=\"font-family: Arial;\">Diakonissenhaus<br \/>\n<span style=\"font-size: medium;\"><br \/>\n<\/span><\/span><\/strong><span style=\"font-family: Arial,Helvetica; font-size: x-small;\"><strong>&#8222;Nur gebildete Erzieherinnen  k\u00f6nnen Wissen vermitteln&#8220;, sagte der Leiter der neuen Akademie f\u00fcr  Fort- und Weiterbildung Kurt-Helmuth Eimuth. Das Angebot des neuen  Arbeitszweigs des Diakonissenhauses, das im kommenden Jahr beginnt, ist  f\u00fcr alle p\u00e4dagogisch interessierten Menschen konzipiert worden.<\/strong><\/span><\/p>\n<p><span style=\"font-family: Arial,Helvetica; font-size: x-small;\">Mit der Akademie will das  Diakonissenhaus die Vernetzung von Aus- und Fortbildung schaffen. Die  Fortbildungsorte sind Frankfurt, Gie\u00dfen, Herborn und Wiesbaden. Mit dem  Angebot will das Diakonissenhaus in die Gemeinde gehen und den  Mitarbeitern vermitteln, &#8222;wir gehen auf euch zu&#8220;, so Bernd Laukel vom  Vorstand. Durch die r\u00e4umliche N\u00e4he sollen unter anderem den  Erzieherinnen eine Fortbildung erm\u00f6glicht werden, die eine Familie haben  und deshalb nicht an der \u00fcbrigen Ma\u00dfnahmen teilnehmen k\u00f6nnen. <\/span><\/p>\n<p><span style=\"font-family: Arial,Helvetica; font-size: x-small;\">Ziel der Akademie ist die  Verkn\u00fcpfung von Theorie und Praxis. Zum einen soll, so Leiter Eimuth,  erfahren werden, was auf praktischer Ebene los ist, zum anderen geht es  um Wissensvermittlung f\u00fcr P\u00e4dagogen, die l\u00e4nger im Dienst sind. <\/span><\/p>\n<p><span style=\"font-family: Arial,Helvetica; font-size: x-small;\">Schwerpunkte des Angebots sind  Religionsp\u00e4dagogik, Supervision, \u00d6ffentlichkeitsarbeit und  Computerkurse. &#8222;PCs sind f\u00fcr uns kein Teufelszeug&#8220;, witzelt Eimuth. Er  pl\u00e4diert daf\u00fcr, dass auch \u00e4ltere Kolleginnen, die noch einige Jahre in  dem Beruf arbeiten werden, sich mit Rechner und Internet auseinander  setzen. <\/span><\/p>\n<p><\/span><\/p>\n","protected":false},"excerpt":{"rendered":"<p>Frankfurter Rundschau, 27.11.2002 Diakonissenhaus &#8222;Nur gebildete Erzieherinnen k\u00f6nnen Wissen vermitteln&#8220;, sagte der Leiter der neuen Akademie f\u00fcr Fort- und Weiterbildung Kurt-Helmuth Eimuth. Das Angebot des neuen Arbeitszweigs des Diakonissenhauses, das im kommenden Jahr beginnt, ist f\u00fcr alle p\u00e4dagogisch interessierten Menschen konzipiert worden. Mit der Akademie<\/p>\n","protected":false},"author":1,"featured_media":0,"comment_status":"open","ping_status":"open","sticky":false,"template":"","format":"standard","meta":{"footnotes":""},"categories":[11],"tags":[8,58,46],"class_list":["post-765","post","type-post","status-publish","format-standard","hentry","category-presse","tag-erzieherinnen","tag-kinder","tag-medien"],"_links":{"self":[{"href":"https:\/\/eimuth.de\/index.php?rest_route=\/wp\/v2\/posts\/765","targetHints":{"allow":["GET"]}}],"collection":[{"href":"https:\/\/eimuth.de\/index.php?rest_route=\/wp\/v2\/posts"}],"about":[{"href":"https:\/\/eimuth.de\/index.php?rest_route=\/wp\/v2\/types\/post"}],"author":[{"embeddable":true,"href":"https:\/\/eimuth.de\/index.php?rest_route=\/wp\/v2\/users\/1"}],"replies":[{"embeddable":true,"href":"https:\/\/eimuth.de\/index.php?rest_route=%2Fwp%2Fv2%2Fcomments&post=765"}],"version-history":[{"count":0,"href":"https:\/\/eimuth.de\/index.php?rest_route=\/wp\/v2\/posts\/765\/revisions"}],"wp:attachment":[{"href":"https:\/\/eimuth.de\/index.php?rest_route=%2Fwp%2Fv2%2Fmedia&parent=765"}],"wp:term":[{"taxonomy":"category","embeddable":true,"href":"https:\/\/eimuth.de\/index.php?rest_route=%2Fwp%2Fv2%2Fcategories&post=765"},{"taxonomy":"post_tag","embeddable":true,"href":"https:\/\/eimuth.de\/index.php?rest_route=%2Fwp%2Fv2%2Ftags&post=765"}],"curies":[{"name":"wp","href":"https:\/\/api.w.org\/{rel}","templated":true}]}}