{"id":5817,"date":"2026-09-05T19:06:02","date_gmt":"2026-09-05T17:06:02","guid":{"rendered":"https:\/\/eimuth.de\/?p=5817"},"modified":"2026-09-05T19:06:02","modified_gmt":"2026-09-05T17:06:02","slug":"pflege-ist-kein-sparschweinstellungnahme-von-wir-pflegen-sh-zum-tag-der-pflegenden-angehoerigen-am-8-september-2026","status":"publish","type":"post","link":"https:\/\/eimuth.de\/?p=5817","title":{"rendered":"Pflege ist kein SparschweinStellungnahme von \u201ewir pflegen SH\u201c zum Tag der Pflegenden Angeh\u00f6rigen am 8. September 2026"},"content":{"rendered":"<div class=\"wp-block-image\">\n<figure class=\"alignleft size-full is-resized\"><a href=\"https:\/\/eimuth.de\/wp-content\/uploads\/2021\/01\/02_oes_Eimuth04-338x480-2.jpg\"><img loading=\"lazy\" decoding=\"async\" width=\"338\" height=\"480\" src=\"https:\/\/eimuth.de\/wp-content\/uploads\/2021\/01\/02_oes_Eimuth04-338x480-2.jpg\" alt=\"\" class=\"wp-image-4132\" style=\"width:128px;height:auto\" srcset=\"https:\/\/eimuth.de\/wp-content\/uploads\/2021\/01\/02_oes_Eimuth04-338x480-2.jpg 338w, https:\/\/eimuth.de\/wp-content\/uploads\/2021\/01\/02_oes_Eimuth04-338x480-2-211x300.jpg 211w\" sizes=\"auto, (max-width: 338px) 100vw, 338px\" \/><\/a><\/figure>\n<\/div>\n\n\n<p class=\"wp-block-paragraph\">\u201eDie Pflege eignet sich nicht zum Sparen\u201c. Mit diesem Appell von Kurt-Helmuth Eimuth vom Vorstand des Selbsthilfeverein wir pflegen SH e.V. macht er auf den bundesweiten Tag f\u00fcr pflegende Angeh\u00f6rige am Dienstag, dem 8. September 2026 aufmerksam. Mit Blick auf das geplante Pflegeneuordnungsgesetz erneuert der Selbsthilfeverein seine zentralen Forderungen nach einer st\u00e4rkeren finanziellen und sozialen Absicherung der h\u00e4uslichen Pflege. Immerhin arbeiten alleine in Schleswig-Holstein rund 200.000 Menschen unentgeltlich in der Pflege. Als pflegende An- und Zugeh\u00f6rige stehen sie in der Regel t\u00e4glich 24 Stunden an sieben Tagen pro Woche zur Verf\u00fcgung. Die geplante Pflegereform d\u00fcrfe nicht zu Lasten der Familien gehen, sondern m\u00fcsse die h\u00e4usliche Pflege finanziell aufwerten, absichern und entlasten, so Eimuth weiter. Da die Pflegeversicherung erhebliche Defizite aufweist, wirft der Verein der Politik vor, die finanzielle Sanierung des Systems einseitig auf Kosten der ohnehin stark belasteten h\u00e4uslichen Pflege auszutragen, die eigentlich das Fundament des deutschen Pflegesystems bildet.<\/p>\n\n\n\n<p class=\"wp-block-paragraph\">Die zentralen Forderungen sind:<br>Keine <strong>Versch\u00e4rfung bei den Pflegegraden:<\/strong> Die geplanten Pl\u00e4ne sehen vor, die Punktwerte bei der Begutachtung f\u00fcr die Pflegegrade 1 bis 3 anzuheben. Es wird also schwieriger, \u00fcberhaupt Unterst\u00fctzung zu erhalten oder in einen h\u00f6heren Pflegegrad eingestuft zu werden. Der Verein kritisiert dies als rein finanzgetriebene H\u00fcrde, die insbesondere Menschen mit hohem Grundpflegebedarf schlechter stellt.<\/p>\n\n\n\n<p class=\"wp-block-paragraph\"><strong>Einschr\u00e4nkung von Flexibilit\u00e4t:<\/strong> Der Wegfall bestehender Umwandlungsm\u00f6glichkeiten (wie der unb\u00fcrokratische Tausch von Sachleistungen in Entlastungsangebote) wird bem\u00e4ngelt, da er die Selbstbestimmung der Familien im Pflegealltag beschneidet.<\/p>\n\n\n\n<p class=\"wp-block-paragraph\"><strong>Keine Lohnersatzleistung:<\/strong> Seit Jahren fordert \u201ewir pflegen SH e.V.\u201c eine verl\u00e4ssliche finanzielle Absicherung analog zum Elterngeld (eine 36-monatige Lohnersatzleistung f\u00fcr Pflegende), um Pflege und Beruf vereinbaren zu k\u00f6nnen. Solche strukturellen Hilfen fehlen in den Entw\u00fcrfen weiterhin weitgehend.<\/p>\n\n\n\n<p class=\"wp-block-paragraph\"><strong>Komplexe Budgetierung:<\/strong> Die Aufteilung in starre Teilbudgets (wie das Entlastungs-, Sachleistungs- und Sozialraumbudget) f\u00fchrt aus Sicht des Verbandes eher zu <strong>mehr B\u00fcrokratie und Intransparenz<\/strong> statt zu der dringend ben\u00f6tigten einfachen, flexiblen Handhabung.<\/p>\n\n\n\n<p class=\"wp-block-paragraph\"><strong>Vernachl\u00e4ssigung besonderer Gruppen:<\/strong> Der Verband kritisiert in gemeinsamen Stellungnahmen, dass die spezifischen Bedarfe von pflegenden Eltern sowie pflegenden Kindern und Jugendlichen (Young Carers) im Gesetzgebungsprozess fast vollst\u00e4ndig ignoriert werden.<\/p>\n\n\n\n<p class=\"wp-block-paragraph\">Obwohl der designierte Bundesgesundheitsminister Carsten Linnemann bereits ank\u00fcndigte, die geplanten K\u00fcrzungen der Rentenversicherungsbeitr\u00e4ge f\u00fcr pflegende Angeh\u00f6rige zur\u00fccknehmen zu wollen, bleibt Eimuth skeptisch und meint \u201eWas wir brauchen ist eine Pflegereform, die die Bedarfe der pflegenden Angeh\u00f6rigen in den Mittelpunkt stellt. F\u00fcr mehr Wertsch\u00e4tzung dieser systemrelevanten Arbeit soll auch der bundesweite Tag der pflegenden Angeh\u00f6rigen dienen\u201c.<\/p>\n","protected":false},"excerpt":{"rendered":"<p>\u201eDie Pflege eignet sich nicht zum Sparen\u201c. Mit diesem Appell von Kurt-Helmuth Eimuth vom Vorstand des Selbsthilfeverein wir pflegen SH e.V. macht er auf den bundesweiten Tag f\u00fcr pflegende Angeh\u00f6rige am Dienstag, dem 8. September 2026 aufmerksam. Mit Blick auf das geplante Pflegeneuordnungsgesetz erneuert der<\/p>\n","protected":false},"author":1,"featured_media":0,"comment_status":"open","ping_status":"open","sticky":false,"template":"","format":"standard","meta":{"footnotes":""},"categories":[2,419],"tags":[49,1469,1468],"class_list":["post-5817","post","type-post","status-publish","format-standard","hentry","category-artikel","category-pflege","tag-pflege","tag-pflegegesetz","tag-pflegende-angehoerige"],"_links":{"self":[{"href":"https:\/\/eimuth.de\/index.php?rest_route=\/wp\/v2\/posts\/5817","targetHints":{"allow":["GET"]}}],"collection":[{"href":"https:\/\/eimuth.de\/index.php?rest_route=\/wp\/v2\/posts"}],"about":[{"href":"https:\/\/eimuth.de\/index.php?rest_route=\/wp\/v2\/types\/post"}],"author":[{"embeddable":true,"href":"https:\/\/eimuth.de\/index.php?rest_route=\/wp\/v2\/users\/1"}],"replies":[{"embeddable":true,"href":"https:\/\/eimuth.de\/index.php?rest_route=%2Fwp%2Fv2%2Fcomments&post=5817"}],"version-history":[{"count":1,"href":"https:\/\/eimuth.de\/index.php?rest_route=\/wp\/v2\/posts\/5817\/revisions"}],"predecessor-version":[{"id":5818,"href":"https:\/\/eimuth.de\/index.php?rest_route=\/wp\/v2\/posts\/5817\/revisions\/5818"}],"wp:attachment":[{"href":"https:\/\/eimuth.de\/index.php?rest_route=%2Fwp%2Fv2%2Fmedia&parent=5817"}],"wp:term":[{"taxonomy":"category","embeddable":true,"href":"https:\/\/eimuth.de\/index.php?rest_route=%2Fwp%2Fv2%2Fcategories&post=5817"},{"taxonomy":"post_tag","embeddable":true,"href":"https:\/\/eimuth.de\/index.php?rest_route=%2Fwp%2Fv2%2Ftags&post=5817"}],"curies":[{"name":"wp","href":"https:\/\/api.w.org\/{rel}","templated":true}]}}