{"id":5726,"date":"2026-04-29T18:09:00","date_gmt":"2026-04-29T16:09:00","guid":{"rendered":"https:\/\/eimuth.de\/?p=5726"},"modified":"2026-04-29T18:09:00","modified_gmt":"2026-04-29T16:09:00","slug":"zeitenwende-bei-der-militaerseelsorge","status":"publish","type":"post","link":"https:\/\/eimuth.de\/?p=5726","title":{"rendered":"Zeitenwende bei der Milit\u00e4rseelsorge"},"content":{"rendered":"<div class=\"wp-block-image\">\n<figure class=\"alignleft size-large is-resized\"><a href=\"https:\/\/eimuth.de\/wp-content\/uploads\/2026\/04\/Felmberg.jpg\"><img loading=\"lazy\" decoding=\"async\" width=\"1024\" height=\"645\" src=\"https:\/\/eimuth.de\/wp-content\/uploads\/2026\/04\/Felmberg-1024x645.jpg\" alt=\"\" class=\"wp-image-5727\" style=\"aspect-ratio:1.5876016608576946;width:346px;height:auto\" srcset=\"https:\/\/eimuth.de\/wp-content\/uploads\/2026\/04\/Felmberg-1024x645.jpg 1024w, https:\/\/eimuth.de\/wp-content\/uploads\/2026\/04\/Felmberg-300x189.jpg 300w, https:\/\/eimuth.de\/wp-content\/uploads\/2026\/04\/Felmberg-768x484.jpg 768w, https:\/\/eimuth.de\/wp-content\/uploads\/2026\/04\/Felmberg.jpg 1385w\" sizes=\"auto, (max-width: 1024px) 100vw, 1024px\" \/><\/a><\/figure>\n<\/div>\n\n\n<p>In den Kasernen der Bundeswehr herrscht derzeit eine neue Ernsthaftigkeit. Der russische Angriff auf die Ukraine markiert nicht nur politisch, sondern auch seelsorgerlich eine fundamentale \u201eZeitenwende\u201c, wie Milit\u00e4rbischof Bernhard Felmberg betont. W\u00e4hrend die vergangenen Jahrzehnte vom internationalen Krisenmanagement in L\u00e4ndern wie Afghanistan oder Mali gepr\u00e4gt waren, r\u00fcckt nun die Landes- und B\u00fcndnisverteidigung in den Fokus \u2013 eine Aufgabe, die Soldaten und deren Familien in neuer \u201eQualit\u00e4t und Quantit\u00e4t\u201c belastet.<\/p>\n\n\n\n<p>Felmberg begegnet dieser Herausforderung mit einer n\u00fcchternen Logik, die er als \u201eMathematik statt gro\u00dfer Theologie\u201c bezeichnet. Wenn die Bundeswehr auf \u00fcber 200.000 Soldaten anwachse, m\u00fcsse die Pr\u00e4senz von Seelsorger: innen, Psychologen und Betreuungseinrichtungen proportional steigen, um die gewohnte Qualit\u00e4t der Begleitung zu gew\u00e4hrleisten. Erstaunlicherweise leidet die Milit\u00e4rseelsorge, anders als viele Landeskirchen, kaum unter Personalmangel. Die Attraktivit\u00e4t des Dienstes liegt f\u00fcr viele Geistliche im Fokus auf das Wesentliche: Verk\u00fcndigung, Seelsorge und Unterricht stehen im Vordergrund, w\u00e4hrend administrative Lasten wie die Verwaltung von Friedh\u00f6fen oder Kinderg\u00e4rten entfallen.<\/p>\n\n\n\n<p>Die Akzeptanz in der Truppe ist mit 96 Prozent bemerkenswert hoch, unabh\u00e4ngig von der konfessionellen Bindung. W\u00e4hrend die Kirchen im zivilen Bereich mit massiven Austritten k\u00e4mpfen, bleibt die Bindung unter Soldaten stabil. Zudem wird die Expertise der Milit\u00e4rgeistlichen im Umgang mit posttraumatischen Belastungsst\u00f6rungen und \u201emoral injuries\u201c zunehmend von zivilen Gemeinden nachgefragt. Die Mauer zwischen Kaserne und Gesellschaft scheint angesichts der neuen Bedrohungslage wieder durchl\u00e4ssiger zu werden.<\/p>\n\n\n\n<p><strong>Zur Person:<\/strong><br>Dr. Bernhard Felmberg: Evangelischer Bischof f\u00fcr die Seelsorge in der Bundeswehr<br>Evangelische Kirche in Deutschland (EKD). Mitglied im Deutschen Ethikrat.<\/p>\n\n\n\n<figure class=\"wp-block-audio\"><audio controls src=\"https:\/\/eimuth.de\/wp-content\/uploads\/2026\/04\/Militaetseelsorge-Sendeband.mp3\"><\/audio><\/figure>\n\n\n\n<figure class=\"wp-block-embed is-type-video is-provider-youtube wp-block-embed-youtube wp-embed-aspect-16-9 wp-has-aspect-ratio\"><div class=\"wp-block-embed__wrapper\">\n<iframe loading=\"lazy\" title=\"Zeitenwende bei der Milit\u00e4rseelsorge\" width=\"495\" height=\"278\" src=\"https:\/\/www.youtube.com\/embed\/AXaKGOg-ZRM?feature=oembed\" frameborder=\"0\" allow=\"accelerometer; autoplay; clipboard-write; encrypted-media; gyroscope; picture-in-picture; web-share\" referrerpolicy=\"strict-origin-when-cross-origin\" allowfullscreen><\/iframe>\n<\/div><\/figure>\n","protected":false},"excerpt":{"rendered":"<p>In den Kasernen der Bundeswehr herrscht derzeit eine neue Ernsthaftigkeit. Der russische Angriff auf die Ukraine markiert nicht nur politisch, sondern auch seelsorgerlich eine fundamentale \u201eZeitenwende\u201c, wie Milit\u00e4rbischof Bernhard Felmberg betont. W\u00e4hrend die vergangenen Jahrzehnte vom internationalen Krisenmanagement in L\u00e4ndern wie Afghanistan oder Mali gepr\u00e4gt<\/p>\n","protected":false},"author":1,"featured_media":0,"comment_status":"open","ping_status":"open","sticky":false,"template":"","format":"standard","meta":{"footnotes":""},"categories":[986],"tags":[1257,746,547,1440],"class_list":["post-5726","post","type-post","status-publish","format-standard","hentry","category-podcast","tag-bischof","tag-militaer","tag-seelsorge","tag-zeitenwende"],"_links":{"self":[{"href":"https:\/\/eimuth.de\/index.php?rest_route=\/wp\/v2\/posts\/5726","targetHints":{"allow":["GET"]}}],"collection":[{"href":"https:\/\/eimuth.de\/index.php?rest_route=\/wp\/v2\/posts"}],"about":[{"href":"https:\/\/eimuth.de\/index.php?rest_route=\/wp\/v2\/types\/post"}],"author":[{"embeddable":true,"href":"https:\/\/eimuth.de\/index.php?rest_route=\/wp\/v2\/users\/1"}],"replies":[{"embeddable":true,"href":"https:\/\/eimuth.de\/index.php?rest_route=%2Fwp%2Fv2%2Fcomments&post=5726"}],"version-history":[{"count":1,"href":"https:\/\/eimuth.de\/index.php?rest_route=\/wp\/v2\/posts\/5726\/revisions"}],"predecessor-version":[{"id":5729,"href":"https:\/\/eimuth.de\/index.php?rest_route=\/wp\/v2\/posts\/5726\/revisions\/5729"}],"wp:attachment":[{"href":"https:\/\/eimuth.de\/index.php?rest_route=%2Fwp%2Fv2%2Fmedia&parent=5726"}],"wp:term":[{"taxonomy":"category","embeddable":true,"href":"https:\/\/eimuth.de\/index.php?rest_route=%2Fwp%2Fv2%2Fcategories&post=5726"},{"taxonomy":"post_tag","embeddable":true,"href":"https:\/\/eimuth.de\/index.php?rest_route=%2Fwp%2Fv2%2Ftags&post=5726"}],"curies":[{"name":"wp","href":"https:\/\/api.w.org\/{rel}","templated":true}]}}