{"id":5654,"date":"2025-12-11T12:33:37","date_gmt":"2025-12-11T10:33:37","guid":{"rendered":"https:\/\/eimuth.de\/?p=5654"},"modified":"2025-12-11T12:33:37","modified_gmt":"2025-12-11T10:33:37","slug":"theologin-sybille-fritsch-oppermann-veroeffentlicht-band-politischer-lyrik","status":"publish","type":"post","link":"https:\/\/eimuth.de\/?p=5654","title":{"rendered":"Theologin Sybille Fritsch-Oppermann ver\u00f6ffentlicht Band politischer Lyrik"},"content":{"rendered":"<div class=\"wp-block-image\">\n<figure class=\"alignleft size-full is-resized\"><a href=\"https:\/\/eimuth.de\/wp-content\/uploads\/2025\/12\/Umschlag-freigestellt.jpg\"><img loading=\"lazy\" decoding=\"async\" width=\"659\" height=\"833\" src=\"https:\/\/eimuth.de\/wp-content\/uploads\/2025\/12\/Umschlag-freigestellt.jpg\" alt=\"\" class=\"wp-image-5655\" style=\"aspect-ratio:0.7911331885833234;width:234px;height:auto\" srcset=\"https:\/\/eimuth.de\/wp-content\/uploads\/2025\/12\/Umschlag-freigestellt.jpg 659w, https:\/\/eimuth.de\/wp-content\/uploads\/2025\/12\/Umschlag-freigestellt-237x300.jpg 237w\" sizes=\"auto, (max-width: 659px) 100vw, 659px\" \/><\/a><\/figure>\n<\/div>\n\n\n<p>Die Autorin und Theologin Sybille Fritsch-Oppermann, die in der Seelsorge, der Akademiearbeit und wissenschaftlich t\u00e4tig war, hat in ihrem j\u00fcngsten Werk \u201eAnderes,&#8220; politische Lyrik versammelt. Der Band erscheint im Geest-Verlag im Rahmen einer geplanten lyrischen Trilogie, deren erster Teil den Dialog zwischen westlicher und \u00f6stlicher Mystik behandelte.<\/p>\n\n\n\n<p>Fritsch-Oppermann, die ihre Lyrik unter dem K\u00fcnstlernamen Sybille Fritsch publiziert, beschreibt im Podcast Conny&amp;Kurt ihr neues Buch als eine Reaktion auf die globale Verengung und die \u201ewachsende Melancholie\u201c in der Sp\u00e4tmoderne. Besonders der Angriffskrieg in der Ukraine habe Deutschland und Europa \u201e\u00fcber die Ma\u00dfen durcheinander gewirbelt\u201c und zur Reflexion angeregt, warum Menschen sich erst dann um Kriege k\u00fcmmerten, wenn diese vor der eigenen Haust\u00fcr stattf\u00e4nden.<\/p>\n\n\n\n<p>Der Titel \u201eAnderes,\u201c &#8211; mit Komma! &#8211; sei dabei programmatisch gew\u00e4hlt. Das Komma fungiert als \u201egrammatikalische Metapher\u201c daf\u00fcr, dass der Friede auf Erden eine \u201eunvollendete Aufgabe\u201c sei. Die Autorin lehnt ein Ausrufezeichen ab, da sie es als Theologin als zu \u201egro\u00dfkotzig\u201c empfindet, w\u00e4hrend ein Fragezeichen zu \u201ewankelm\u00fctig\u201c w\u00e4re. Das Komma signalisiert, dass der Mensch st\u00e4ndig auf dem Weg sei und nie den Punkt erreichen werde, an dem der Friede vollendet sei.<\/p>\n\n\n\n<figure class=\"wp-block-audio\"><audio controls src=\"https:\/\/eimuth.de\/wp-content\/uploads\/2025\/12\/Oppermann-Sendeband.mp3\"><\/audio><\/figure>\n\n\n\n<figure class=\"wp-block-embed is-type-video is-provider-youtube wp-block-embed-youtube wp-embed-aspect-16-9 wp-has-aspect-ratio\"><div class=\"wp-block-embed__wrapper\">\n<iframe loading=\"lazy\" title=\"Theologin Sybille Fritsch-Oppermann ver\u00f6ffentlicht Band politischer Lyrik\" width=\"495\" height=\"278\" src=\"https:\/\/www.youtube.com\/embed\/0DC7SVuf_6Y?feature=oembed\" frameborder=\"0\" allow=\"accelerometer; autoplay; clipboard-write; encrypted-media; gyroscope; picture-in-picture; web-share\" referrerpolicy=\"strict-origin-when-cross-origin\" allowfullscreen><\/iframe>\n<\/div><\/figure>\n\n\n\n<p>Die Dichterin ist zutiefst davon \u00fcberzeugt, dass \u201eFrieden und Freiheit und globale Gerechtigkeit nur im Diskurs zu erreichen sind\u201c. Die Begegnung mit dem Anderen sei der erste Schritt zum Frieden. F\u00fcr Fritsch-Oppermann dient die Lyrik dabei als notwendiges Medium der Sch\u00f6nheit, ein \u201edritter Ort\u201c zwischen Ethik und Dogmatik. Sie erm\u00f6gliche es, \u201eganz verfahrene Situationen\u201c zu besprechen, indem sie sprachliche \u201eOffenheit\u201c tr\u00e4gt und \u201ezwischen den Zeilen Antworten aus anderer Perspektive zul\u00e4sst\u201c. Ein Vers aus dem Band lautet: \u201eEin Friede lagert sich dann in den Unrechtsschluchten und wartet nur auf unsere Einsicht\u201c.<\/p>\n\n\n\n<p>Im Gespr\u00e4ch \u00e4u\u00dferte sich Fritsch-Oppermann auch zur Friedensdenkschrift der EKD. Sie lobt deren Pragmatismus und Realismus, da die Theologie sich nicht vor realpolitischen Fragen dr\u00fccken d\u00fcrfe. Dennoch kritisiert sie, dass die EKD weiterhin von einem Naturrechtsgedanken ausgehe. Globale Ungerechtigkeiten und Kriege m\u00fcssten jedoch durch positives Recht und Diskurs in Schranken gehalten werden. Sie pl\u00e4diert in akuten Krisen f\u00fcr eine Situationsethik, in der man in \u201everantworteter Vorl\u00e4ufigkeit\u201c handelt, da man die H\u00e4nde nicht in Unschuld waschen k\u00f6nne: \u201eEgal wie wir handeln, wir werden schuldig\u201c.<\/p>\n\n\n\n<p><strong>Zur Person:&nbsp;<\/strong><br>Sybille Fritsch-Oppermann lebt in Hannover und Windheim an der Weser. Gedichte ver\u00f6ffentlichte sie in deutschsprachigen Anthologien seit den Achtzigerjahren. Bisher vier eigenst\u00e4ndige Lyrikb\u00e4nde. Zuletzt im Geest-Verlag &#8222;Da!&#8220; Gedichte (2024).<\/p>\n","protected":false},"excerpt":{"rendered":"<p>Die Autorin und Theologin Sybille Fritsch-Oppermann, die in der Seelsorge, der Akademiearbeit und wissenschaftlich t\u00e4tig war, hat in ihrem j\u00fcngsten Werk \u201eAnderes,&#8220; politische Lyrik versammelt. Der Band erscheint im Geest-Verlag im Rahmen einer geplanten lyrischen Trilogie, deren erster Teil den Dialog zwischen westlicher und \u00f6stlicher<\/p>\n","protected":false},"author":1,"featured_media":0,"comment_status":"open","ping_status":"open","sticky":false,"template":"","format":"standard","meta":{"footnotes":""},"categories":[986],"tags":[217,1412,1413,1411,286],"class_list":["post-5654","post","type-post","status-publish","format-standard","hentry","category-podcast","tag-frieden","tag-fritsch","tag-fritsch-oppermann","tag-lyrik","tag-politik"],"_links":{"self":[{"href":"https:\/\/eimuth.de\/index.php?rest_route=\/wp\/v2\/posts\/5654","targetHints":{"allow":["GET"]}}],"collection":[{"href":"https:\/\/eimuth.de\/index.php?rest_route=\/wp\/v2\/posts"}],"about":[{"href":"https:\/\/eimuth.de\/index.php?rest_route=\/wp\/v2\/types\/post"}],"author":[{"embeddable":true,"href":"https:\/\/eimuth.de\/index.php?rest_route=\/wp\/v2\/users\/1"}],"replies":[{"embeddable":true,"href":"https:\/\/eimuth.de\/index.php?rest_route=%2Fwp%2Fv2%2Fcomments&post=5654"}],"version-history":[{"count":1,"href":"https:\/\/eimuth.de\/index.php?rest_route=\/wp\/v2\/posts\/5654\/revisions"}],"predecessor-version":[{"id":5657,"href":"https:\/\/eimuth.de\/index.php?rest_route=\/wp\/v2\/posts\/5654\/revisions\/5657"}],"wp:attachment":[{"href":"https:\/\/eimuth.de\/index.php?rest_route=%2Fwp%2Fv2%2Fmedia&parent=5654"}],"wp:term":[{"taxonomy":"category","embeddable":true,"href":"https:\/\/eimuth.de\/index.php?rest_route=%2Fwp%2Fv2%2Fcategories&post=5654"},{"taxonomy":"post_tag","embeddable":true,"href":"https:\/\/eimuth.de\/index.php?rest_route=%2Fwp%2Fv2%2Ftags&post=5654"}],"curies":[{"name":"wp","href":"https:\/\/api.w.org\/{rel}","templated":true}]}}