{"id":5579,"date":"2025-07-16T20:38:46","date_gmt":"2025-07-16T18:38:46","guid":{"rendered":"https:\/\/eimuth.de\/?p=5579"},"modified":"2025-07-16T20:39:55","modified_gmt":"2025-07-16T18:39:55","slug":"50-jahre-habakuk-laengst-sind-die-widerstaende-ueberwunden","status":"publish","type":"post","link":"https:\/\/eimuth.de\/?p=5579","title":{"rendered":"50 Jahre Habakuk: L\u00e4ngst sind die Widerst\u00e4nde \u00fcberwunden"},"content":{"rendered":"\n<p>Die Band Habakuk, eine pr\u00e4gende Kraft im Bereich des Neuen Geistlichen Liedes, feiert in diesem Jahr ihr 50-j\u00e4hriges Bestehen. Anf\u00e4nglich begegnete man dieser Musik &#8211; wie Eugen Eckert im Podcast Conny&amp;Kurt erz\u00e4hlt &#8211; im Gottesdienst mit gro\u00dfer Skepsis. Ihre musikalische Neuausrichtung mit popmusikalischen Arrangements stie\u00df zun\u00e4chst auf Widerstand, insbesondere bei klassisch orientierten Kirchenmusikern, die das neue Liedgut als &#8222;entsetzlich entstellt&#8220; beschrieben. Unter der Leitung von Eugen Eckert, der auch als &#8222;Urgestein&#8220; und treibende Kraft der Band bezeichnet wird, entstand Habakuk aus der offenen Jugendarbeit der Gethsemane-Gemeinde in Frankfurt. Die Band, die anfangs in einem Kellerraum im Evangelischen Stadtjugendpfarramt beheimatet war, erhielt fr\u00fch finanzielle Unterst\u00fctzung vom Evangelischen Regionalverband und Pfarrer Martin J\u00fcrges.<\/p>\n\n\n\n<figure class=\"wp-block-audio\"><audio controls src=\"https:\/\/eimuth.de\/wp-content\/uploads\/2025\/07\/Habakuk-Sendeband.mp3\"><\/audio><\/figure>\n\n\n\n<figure class=\"wp-block-embed is-type-video is-provider-youtube wp-block-embed-youtube wp-embed-aspect-16-9 wp-has-aspect-ratio\"><div class=\"wp-block-embed__wrapper\">\n <iframe loading=\"lazy\" title=\"50 Jahre Habakuk: L\u00e4ngst sind die Widerst\u00e4nde \u00fcberwunden\" width=\"495\" height=\"278\" src=\"https:\/\/www.youtube.com\/embed\/T2DBfPHD7Do?feature=oembed\" frameborder=\"0\" allow=\"accelerometer; autoplay; clipboard-write; encrypted-media; gyroscope; picture-in-picture; web-share\" referrerpolicy=\"strict-origin-when-cross-origin\" allowfullscreen><\/iframe>\n<\/div><\/figure>\n\n\n\n<p>nteressanterweise fand Habakuk in der katholischen Kirche fr\u00fchzeitig mehr Akzeptanz und F\u00f6rderung. Die \u00d6ffnung durch das Zweite Vatikanische Konzil f\u00fcr neue Lieder in Landessprache und mit neuen Melodien schuf eine gr\u00f6\u00dfere Aufbruchstimmung. Eugen Eckert pflegte Freundschaften mit katholischen Kirchenmusikern wie Winfried Heurich und wurde sogar als &#8222;evangelisches U-Boot&#8220; in katholische Arbeitskreise berufen. Diese Zusammenarbeit f\u00fchrte dazu, dass Habakuk heute mit deutlich mehr Titeln im katholischen &#8222;Gotteslob&#8220; vertreten ist als im &#8222;Evangelischen Gesangbuch&#8220;.<\/p>\n\n\n\n<p>Musikalisch hat sich die Band stetig weiter entwickelt. Eugen Eckert hat inzwischen rund 2000 Lieder geschrieben und arbeitet mit etwa 30 Musikern zusammen. Habakuk integriert heute nicht nur Posaunench\u00f6re und Orchester in ihre Auftritte, was die Musik &#8222;ganz richtig aufbl\u00fchen&#8220; l\u00e4sst, sondern hat auch 12 Oratorien mit Thomas Gabriel komponiert, die Jazz-, Pop- und Rock-Elemente vereinen. Diese musikalische Weiterentwicklung hat letztlich zu einer breiteren Anerkennung gef\u00fchrt.<\/p>\n\n\n\n<p>F\u00fcr die Zukunft setzt Habakuk auf eine starke digitale Pr\u00e4senz. Viele Titel sind seit dem 1. Mai dieses Jahres auf Spotify verf\u00fcgbar. Zudem wird ein Jubil\u00e4umsbuch erscheinen, das die 50-j\u00e4hrige Geschichte anhand von Stories, Bildern und Liedern, die \u00fcber QR-Codes zug\u00e4nglich gemacht werden, erz\u00e4hlt. Eugen Eckert bekr\u00e4ftigt die Mission der Band, die Liturgie mit inklusiver, nicht-patriarchaler Sprache zu modernisieren und sie f\u00fcr Gemeinden singbar zu gestalten. Gleichzeitig soll aber auch Raum f\u00fcr musikalische &#8222;Austobungen&#8220; bleiben, in denen die St\u00e4rke der Bandmusiker gezeigt werden kann. Die Bandmitglieder, allesamt Profimusiker, sind entschlossen, weiterhin Musik zu machen. Sie bleiben ihrem Credo treu, dass ein Lied eine &#8222;gute Melodie&#8220; haben muss und lehnen eine Anpassung an kurzlebige Trends wie Rap ab.<\/p>\n\n\n\n<p>Das <strong>Jubil\u00e4umskonzert findet am 7. September um 17 Uhr in der Evangelischen Markuskirche in Offenbach<\/strong> statt<\/p>\n","protected":false},"excerpt":{"rendered":"<p>Die Band Habakuk, eine pr\u00e4gende Kraft im Bereich des Neuen Geistlichen Liedes, feiert in diesem Jahr ihr 50-j\u00e4hriges Bestehen. Anf\u00e4nglich begegnete man dieser Musik &#8211; wie Eugen Eckert im Podcast Conny&amp;Kurt erz\u00e4hlt &#8211; im Gottesdienst mit gro\u00dfer Skepsis. Ihre musikalische Neuausrichtung mit popmusikalischen Arrangements stie\u00df<\/p>\n","protected":false},"author":1,"featured_media":0,"comment_status":"open","ping_status":"open","sticky":false,"template":"","format":"standard","meta":{"footnotes":""},"categories":[986],"tags":[1044,1074,1373,1118],"class_list":["post-5579","post","type-post","status-publish","format-standard","hentry","category-podcast","tag-eugen-eckert","tag-habakuk","tag-neues-geistliches-lied","tag-stadtjugendpfarramt"],"_links":{"self":[{"href":"https:\/\/eimuth.de\/index.php?rest_route=\/wp\/v2\/posts\/5579","targetHints":{"allow":["GET"]}}],"collection":[{"href":"https:\/\/eimuth.de\/index.php?rest_route=\/wp\/v2\/posts"}],"about":[{"href":"https:\/\/eimuth.de\/index.php?rest_route=\/wp\/v2\/types\/post"}],"author":[{"embeddable":true,"href":"https:\/\/eimuth.de\/index.php?rest_route=\/wp\/v2\/users\/1"}],"replies":[{"embeddable":true,"href":"https:\/\/eimuth.de\/index.php?rest_route=%2Fwp%2Fv2%2Fcomments&post=5579"}],"version-history":[{"count":1,"href":"https:\/\/eimuth.de\/index.php?rest_route=\/wp\/v2\/posts\/5579\/revisions"}],"predecessor-version":[{"id":5581,"href":"https:\/\/eimuth.de\/index.php?rest_route=\/wp\/v2\/posts\/5579\/revisions\/5581"}],"wp:attachment":[{"href":"https:\/\/eimuth.de\/index.php?rest_route=%2Fwp%2Fv2%2Fmedia&parent=5579"}],"wp:term":[{"taxonomy":"category","embeddable":true,"href":"https:\/\/eimuth.de\/index.php?rest_route=%2Fwp%2Fv2%2Fcategories&post=5579"},{"taxonomy":"post_tag","embeddable":true,"href":"https:\/\/eimuth.de\/index.php?rest_route=%2Fwp%2Fv2%2Ftags&post=5579"}],"curies":[{"name":"wp","href":"https:\/\/api.w.org\/{rel}","templated":true}]}}