{"id":5576,"date":"2025-07-10T12:14:08","date_gmt":"2025-07-10T10:14:08","guid":{"rendered":"https:\/\/eimuth.de\/?p=5576"},"modified":"2025-07-10T12:14:08","modified_gmt":"2025-07-10T10:14:08","slug":"schleswig-holstein-antisemitische-vorfaelle-mehr-als-verdoppelt","status":"publish","type":"post","link":"https:\/\/eimuth.de\/?p=5576","title":{"rendered":"Schleswig-Holstein: Antisemitische Vorf\u00e4lle mehr als verdoppelt"},"content":{"rendered":"\n<p>Die Zahlen sind alarmierend: Antisemitische Vorf\u00e4lle in Schleswig-Holstein haben sich von rund 120 im Jahr 2023 auf 588 im Jahr 2024 vervierfacht. Viele J\u00fcdinnen und Juden trauen sich aus Angst nicht mehr, ihre Identit\u00e4t offen zu zeigen. Der Beauftragte f\u00fcr j\u00fcdisches Leben und gegen Antisemitismus des Landes Schleswig-Holstein, Gerhard Ulrich, beschreibt im Podcast Conny&amp;Kurt Antisemitismus als ein &#8222;hartes&#8220; und &#8222;immer zunehmendes&#8220; Problem. Er definiert Antisemitismus gem\u00e4\u00df der von der Bundesregierung anerkannten Arbeitsdefinition der International Holocaust Remembrance Alliance (IHRA) als eine Form von Hass, der sich gegen Juden richtet, weil sie Juden sind. Dieser Hass \u00e4u\u00dfert sich vielf\u00e4ltig, von k\u00f6rperlichen \u00dcbergriffen, Beleidigungen und Verschw\u00f6rungserz\u00e4hlungen bis zu konkreten Aktionen wie dem Angeben von Adressen j\u00fcdischer Mitb\u00fcrger.<\/p>\n\n\n\n<figure class=\"wp-block-audio\"><audio controls src=\"https:\/\/eimuth.de\/wp-content\/uploads\/2025\/07\/Ullrich-Sendeband.mp3\"><\/audio><\/figure>\n\n\n\n<figure class=\"wp-block-embed is-type-video is-provider-youtube wp-block-embed-youtube wp-embed-aspect-16-9 wp-has-aspect-ratio\"><div class=\"wp-block-embed__wrapper\">\n<iframe loading=\"lazy\" title=\"Schleswig-Holstein: Antisemitische Vorf\u00e4lle mehr als verdoppelt\" width=\"495\" height=\"278\" src=\"https:\/\/www.youtube.com\/embed\/R3veJOauIAQ?feature=oembed\" frameborder=\"0\" allow=\"accelerometer; autoplay; clipboard-write; encrypted-media; gyroscope; picture-in-picture; web-share\" referrerpolicy=\"strict-origin-when-cross-origin\" allowfullscreen><\/iframe>\n<\/div><\/figure>\n\n\n\n<p>Ulrich differenziert zwischen &#8222;linkem&#8220; Antisemitismus (der Israel-Kritik mit der Verantwortlichmachung von Juden f\u00fcr israelische Regierungsentscheidungen verbindet), &#8222;rechts au\u00dfen&#8220; (der alte Vorurteile best\u00e4tigt) und &#8222;importiertem&#8220; Antisemitismus (der aus L\u00e4ndern kommt, in denen das Existenzrecht Israels geleugnet wird).<\/p>\n\n\n\n<p>Das Wiederaufleben uralter Vorurteile erkl\u00e4rt er mit der zunehmenden Komplexit\u00e4t der Welt und der Suche nach S\u00fcndenb\u00f6cken. Insbesondere die Corona-Pandemie (mit Verschw\u00f6rungsmythen wie &#8222;Weltjudentum&#8220;) und der Hamas-Angriff vom 7. Oktober 2023 haben antisemitische Vorf\u00e4lle verst\u00e4rkt. J\u00fcdische B\u00fcrger in Schleswig-Holstein leiden darunter, f\u00fcr Israels Handlungen verantwortlich gemacht zu werden, wobei der urspr\u00fcngliche Hamas-Terror oft ausgeblendet wird. Ulrich betont, dass nicht jede Kritik am Staat Israel antisemitisch ist; eine Grenze sei jedoch \u00fcberschritten, wenn Israels Existenz- oder Selbstverteidigungsrecht geleugnet oder Juden insgesamt d\u00e4monisiert werden. Die hier lebenden Juden seien nicht f\u00fcr die Politik Israels verantwortlich. Das Bundesverfassungsgericht hat zudem geurteilt, dass Antisemitismus nicht unter Meinungsfreiheit f\u00e4llt.<\/p>\n\n\n\n<p>Als prim\u00e4re Gegenma\u00dfnahmen nennt Ulrich Bildung und Begegnung. Schulen und Kinderg\u00e4rten m\u00fcssen Demokratiebildung und den Abbau von Vorurteilen f\u00f6rdern. Positive Beispiele sind die langj\u00e4hrige christlich-j\u00fcdische Zusammenarbeit der Kirchen und Sportverb\u00e4nde, die Austauschprogramme mit Israel unterhalten. Ulrich fordert verpflichtende Gedenkst\u00e4ttenbesuche f\u00fcr Sch\u00fclerinnen und Sch\u00fcler, um die Erinnerungsarbeit zu st\u00e4rken.<\/p>\n\n\n\n<p>Auch das Bewusstsein f\u00fcr gemeinsame kulturelle und religi\u00f6se Wurzeln, etwa in Sprache und Musik, soll gesch\u00e4rft werden. Gemeinsame Feste wie das Aufstellen eines Hanukkah-Leuchters neben dem Weihnachtsbaum k\u00f6nnen j\u00fcdisches Leben sichtbarer machen und Vorurteile abbauen. Der Kampf gegen Antisemitismus erfordert st\u00e4ndige Anstrengungen und viel Unterst\u00fctzung.<\/p>\n\n\n\n<p>Zur Person:<\/p>\n\n\n\n<p>Landesbischof em. Dr. h.c. Gerhard Ulrich ist seit 2022 Schleswig-Holsteins Beauftragter f\u00fcr j\u00fcdisches Leben und gegen Antisemitismus<\/p>\n","protected":false},"excerpt":{"rendered":"<p>Die Zahlen sind alarmierend: Antisemitische Vorf\u00e4lle in Schleswig-Holstein haben sich von rund 120 im Jahr 2023 auf 588 im Jahr 2024 vervierfacht. Viele J\u00fcdinnen und Juden trauen sich aus Angst nicht mehr, ihre Identit\u00e4t offen zu zeigen. Der Beauftragte f\u00fcr j\u00fcdisches Leben und gegen Antisemitismus<\/p>\n","protected":false},"author":1,"featured_media":0,"comment_status":"open","ping_status":"open","sticky":false,"template":"","format":"standard","meta":{"footnotes":""},"categories":[986],"tags":[515,1371,1208,1372],"class_list":["post-5576","post","type-post","status-publish","format-standard","hentry","category-podcast","tag-antisemitismus","tag-gerhard-ulrich","tag-juden","tag-schleswig-holstein"],"_links":{"self":[{"href":"https:\/\/eimuth.de\/index.php?rest_route=\/wp\/v2\/posts\/5576","targetHints":{"allow":["GET"]}}],"collection":[{"href":"https:\/\/eimuth.de\/index.php?rest_route=\/wp\/v2\/posts"}],"about":[{"href":"https:\/\/eimuth.de\/index.php?rest_route=\/wp\/v2\/types\/post"}],"author":[{"embeddable":true,"href":"https:\/\/eimuth.de\/index.php?rest_route=\/wp\/v2\/users\/1"}],"replies":[{"embeddable":true,"href":"https:\/\/eimuth.de\/index.php?rest_route=%2Fwp%2Fv2%2Fcomments&post=5576"}],"version-history":[{"count":1,"href":"https:\/\/eimuth.de\/index.php?rest_route=\/wp\/v2\/posts\/5576\/revisions"}],"predecessor-version":[{"id":5578,"href":"https:\/\/eimuth.de\/index.php?rest_route=\/wp\/v2\/posts\/5576\/revisions\/5578"}],"wp:attachment":[{"href":"https:\/\/eimuth.de\/index.php?rest_route=%2Fwp%2Fv2%2Fmedia&parent=5576"}],"wp:term":[{"taxonomy":"category","embeddable":true,"href":"https:\/\/eimuth.de\/index.php?rest_route=%2Fwp%2Fv2%2Fcategories&post=5576"},{"taxonomy":"post_tag","embeddable":true,"href":"https:\/\/eimuth.de\/index.php?rest_route=%2Fwp%2Fv2%2Ftags&post=5576"}],"curies":[{"name":"wp","href":"https:\/\/api.w.org\/{rel}","templated":true}]}}