{"id":5545,"date":"2025-05-22T12:13:13","date_gmt":"2025-05-22T10:13:13","guid":{"rendered":"https:\/\/eimuth.de\/?p=5545"},"modified":"2025-05-22T12:13:13","modified_gmt":"2025-05-22T10:13:13","slug":"das-zweite-gesicht-der-ekhn","status":"publish","type":"post","link":"https:\/\/eimuth.de\/?p=5545","title":{"rendered":"Das zweite Gesicht der EKHN"},"content":{"rendered":"\n<p>Sie ist das \u201ezweite Gesicht\u201c der Landeskirche. Birgit Pfeiffer ist Pr\u00e4ses der Synode der Evangelischen Kirche in Hessen und Nassau (EKHN) und damit die h\u00f6chste Ehrenamtliche der Landeskirche. Die promovierte Medizinerin sieht im Podcast Conny&amp;Kurt die Entwicklung der evangelischen Kirche trotz der Herausforderungen positiv. In den Ver\u00e4nderungen der Kirchenstruktur mit ihren Nachbarschaftsr\u00e4umen, die die Zusammenarbeit mehrerer Gemeinden b\u00fcndeln, sieht sie Chancen.<\/p>\n\n\n\n<p>Pfeifers Weg zur aktiven Kirchenarbeit begann vor 50 Jahren mit ihrer Konfirmation in Schwenningen, W\u00fcrttemberg. Dies war ein &#8222;Dreh- und Wendepunkt&#8220; in ihrem Leben. Nach der Konfirmation engagierte sie sich in der Jugendarbeit, begleitete Jungschargruppen und Freizeiten. Ihr Engagement entwickelte sich \u00fcber verschiedene Stationen, vom Kirchenvorstand \u00fcber die Dekanatssynode und den Dekanatssynodalvorstand bis hin zur Kirchensynode und schlie\u00dflich 2022 zur Wahl als Pr\u00e4ses der Kirchensynode.<\/p>\n\n\n\n<p>Zur Person:<br>Birgit Pfeiffer (61) ist promovierte Medizinerin und arbeitet als Gleichstellungsbeauftragte an der Universit\u00e4tsmedizin der Johannes Gutenberg-Universit\u00e4t Mainz.<\/p>\n\n\n\n<figure class=\"wp-block-audio\"><audio controls src=\"https:\/\/eimuth.de\/wp-content\/uploads\/2025\/05\/Pfeiffer-Sendeband.mp3\"><\/audio><\/figure>\n\n\n\n<figure class=\"wp-block-embed is-type-video is-provider-youtube wp-block-embed-youtube wp-embed-aspect-16-9 wp-has-aspect-ratio\"><div class=\"wp-block-embed__wrapper\">\n<iframe loading=\"lazy\" title=\"Das zweite Gesicht der EKHN\" width=\"495\" height=\"278\" src=\"https:\/\/www.youtube.com\/embed\/eHMnHMNYKX0?feature=oembed\" frameborder=\"0\" allow=\"accelerometer; autoplay; clipboard-write; encrypted-media; gyroscope; picture-in-picture; web-share\" referrerpolicy=\"strict-origin-when-cross-origin\" allowfullscreen><\/iframe>\n<\/div><\/figure>\n","protected":false},"excerpt":{"rendered":"<p>Sie ist das \u201ezweite Gesicht\u201c der Landeskirche. Birgit Pfeiffer ist Pr\u00e4ses der Synode der Evangelischen Kirche in Hessen und Nassau (EKHN) und damit die h\u00f6chste Ehrenamtliche der Landeskirche. Die promovierte Medizinerin sieht im Podcast Conny&amp;Kurt die Entwicklung der evangelischen Kirche trotz der Herausforderungen positiv. In<\/p>\n","protected":false},"author":1,"featured_media":0,"comment_status":"open","ping_status":"open","sticky":false,"template":"","format":"standard","meta":{"footnotes":""},"categories":[986],"tags":[572,334,1359,947,1330],"class_list":["post-5545","post","type-post","status-publish","format-standard","hentry","category-podcast","tag-afd","tag-ekhn","tag-praeses","tag-synode","tag-zukunft-kirche"],"_links":{"self":[{"href":"https:\/\/eimuth.de\/index.php?rest_route=\/wp\/v2\/posts\/5545","targetHints":{"allow":["GET"]}}],"collection":[{"href":"https:\/\/eimuth.de\/index.php?rest_route=\/wp\/v2\/posts"}],"about":[{"href":"https:\/\/eimuth.de\/index.php?rest_route=\/wp\/v2\/types\/post"}],"author":[{"embeddable":true,"href":"https:\/\/eimuth.de\/index.php?rest_route=\/wp\/v2\/users\/1"}],"replies":[{"embeddable":true,"href":"https:\/\/eimuth.de\/index.php?rest_route=%2Fwp%2Fv2%2Fcomments&post=5545"}],"version-history":[{"count":1,"href":"https:\/\/eimuth.de\/index.php?rest_route=\/wp\/v2\/posts\/5545\/revisions"}],"predecessor-version":[{"id":5547,"href":"https:\/\/eimuth.de\/index.php?rest_route=\/wp\/v2\/posts\/5545\/revisions\/5547"}],"wp:attachment":[{"href":"https:\/\/eimuth.de\/index.php?rest_route=%2Fwp%2Fv2%2Fmedia&parent=5545"}],"wp:term":[{"taxonomy":"category","embeddable":true,"href":"https:\/\/eimuth.de\/index.php?rest_route=%2Fwp%2Fv2%2Fcategories&post=5545"},{"taxonomy":"post_tag","embeddable":true,"href":"https:\/\/eimuth.de\/index.php?rest_route=%2Fwp%2Fv2%2Ftags&post=5545"}],"curies":[{"name":"wp","href":"https:\/\/api.w.org\/{rel}","templated":true}]}}