{"id":5471,"date":"2024-12-19T13:02:27","date_gmt":"2024-12-19T11:02:27","guid":{"rendered":"https:\/\/eimuth.de\/?p=5471"},"modified":"2025-01-23T13:05:21","modified_gmt":"2025-01-23T11:05:21","slug":"kirchenpraesident-jung-an-der-friedensbotschaft-ausrichten","status":"publish","type":"post","link":"https:\/\/eimuth.de\/?p=5471","title":{"rendered":"Kirchenpr\u00e4sident Jung: \u201eAn der Friedensbotschaft ausrichten\u201c"},"content":{"rendered":"\n<p>Die Amtszeit des Kirchenpr\u00e4sidenten der Evangelischen Kirche in Hessen und Nassau Volker Jung l\u00e4uft am 31. Dezember aus. Im Podcast Conny&amp;Kurt res\u00fcmiert er, dass ihm der Kontakt zu vielen Menschen immer wieder Freude bereitet habe. Seinen Talar wird er nicht an den Nagel h\u00e4ngen, aber doch eine halbj\u00e4hrige Pause einlegen. Besonders ber\u00fchrt hat ihn w\u00e4hrend seiner 16j\u00e4hrigen Amtszeit eine Tagesreise nach Belarus. Er begleitete den Bundespr\u00e4sidenten zur Einweihung der Gedenkst\u00e4tte im Vernichtungslager Maly Trostinez. Seit vielen Jahren leistet dort die evangelische Kirche Vers\u00f6hnungsarbeit.<br>Weihnachten ist f\u00fcr Jung Hoffnung. Es gelte sich an der Friedensbotschaft auszurichten. Denn wir Menschen seien fehlbar und verf\u00fchrbar. Jesus setze nicht auf Macht, sondern versuche die Herzen der Menschen zu erreichen.<br>Eine letzte Predigt als Kirchenpr\u00e4sident wird Volker Jung am 1. Weihnachtsfeiertag in der Frankfurter Katharinenkirche an der Hauptwache halten.<\/p>\n\n\n\n<p><strong>Zur Person:<\/strong> Pfarrer Dr. Dr. h. c. Volker Jung, Kirchenpr\u00e4sident der EKHN, steht bis zum 31. Dezember 2024 an der Spitze der Evangelischen Kirche in Hessen und Nassau (EKHN).<\/p>\n\n\n\n<figure class=\"wp-block-audio\"><audio controls src=\"https:\/\/eimuth.de\/wp-content\/uploads\/2025\/01\/Jung-Sendeband.mp3\"><\/audio><\/figure>\n\n\n\n<figure class=\"wp-block-embed is-type-video is-provider-youtube wp-block-embed-youtube wp-embed-aspect-16-9 wp-has-aspect-ratio\"><div class=\"wp-block-embed__wrapper\">\n<iframe loading=\"lazy\" title=\"Kirchenpr\u00e4sident Jung: \u201eAn der Friedensbotschaft ausrichten\u201c.\" width=\"495\" height=\"278\" src=\"https:\/\/www.youtube.com\/embed\/npb3IRUQNuY?feature=oembed\" frameborder=\"0\" allow=\"accelerometer; autoplay; clipboard-write; encrypted-media; gyroscope; picture-in-picture; web-share\" referrerpolicy=\"strict-origin-when-cross-origin\" allowfullscreen><\/iframe>\n<\/div><\/figure>\n","protected":false},"excerpt":{"rendered":"<p>Die Amtszeit des Kirchenpr\u00e4sidenten der Evangelischen Kirche in Hessen und Nassau Volker Jung l\u00e4uft am 31. Dezember aus. Im Podcast Conny&amp;Kurt res\u00fcmiert er, dass ihm der Kontakt zu vielen Menschen immer wieder Freude bereitet habe. Seinen Talar wird er nicht an den Nagel h\u00e4ngen, aber<\/p>\n","protected":false},"author":1,"featured_media":0,"comment_status":"open","ping_status":"open","sticky":false,"template":"","format":"standard","meta":{"footnotes":""},"categories":[986],"tags":[1320,217,165,166],"class_list":["post-5471","post","type-post","status-publish","format-standard","hentry","category-podcast","tag-botschaft","tag-frieden","tag-jung","tag-kirchenprasident"],"_links":{"self":[{"href":"https:\/\/eimuth.de\/index.php?rest_route=\/wp\/v2\/posts\/5471","targetHints":{"allow":["GET"]}}],"collection":[{"href":"https:\/\/eimuth.de\/index.php?rest_route=\/wp\/v2\/posts"}],"about":[{"href":"https:\/\/eimuth.de\/index.php?rest_route=\/wp\/v2\/types\/post"}],"author":[{"embeddable":true,"href":"https:\/\/eimuth.de\/index.php?rest_route=\/wp\/v2\/users\/1"}],"replies":[{"embeddable":true,"href":"https:\/\/eimuth.de\/index.php?rest_route=%2Fwp%2Fv2%2Fcomments&post=5471"}],"version-history":[{"count":1,"href":"https:\/\/eimuth.de\/index.php?rest_route=\/wp\/v2\/posts\/5471\/revisions"}],"predecessor-version":[{"id":5473,"href":"https:\/\/eimuth.de\/index.php?rest_route=\/wp\/v2\/posts\/5471\/revisions\/5473"}],"wp:attachment":[{"href":"https:\/\/eimuth.de\/index.php?rest_route=%2Fwp%2Fv2%2Fmedia&parent=5471"}],"wp:term":[{"taxonomy":"category","embeddable":true,"href":"https:\/\/eimuth.de\/index.php?rest_route=%2Fwp%2Fv2%2Fcategories&post=5471"},{"taxonomy":"post_tag","embeddable":true,"href":"https:\/\/eimuth.de\/index.php?rest_route=%2Fwp%2Fv2%2Ftags&post=5471"}],"curies":[{"name":"wp","href":"https:\/\/api.w.org\/{rel}","templated":true}]}}