{"id":5468,"date":"2025-01-23T13:00:08","date_gmt":"2025-01-23T11:00:08","guid":{"rendered":"https:\/\/eimuth.de\/?p=5468"},"modified":"2025-01-23T13:00:08","modified_gmt":"2025-01-23T11:00:08","slug":"integrationsoffensive-statt-abschiebungsoffensive","status":"publish","type":"post","link":"https:\/\/eimuth.de\/?p=5468","title":{"rendered":"Integrationsoffensive statt Abschiebungsoffensive"},"content":{"rendered":"\n<p>Nach der Vorstellung des Interkulturellen Beauftragten der Evangelischen Kirche in Hessen und Nassau, Andreas Lipsch, braucht es eine Integrationsoffensive statt einer Abschiebungsinitiative. \u201eZu glauben, dass man \u00fcber Abschiebungen eines der Probleme l\u00f6st, ist v\u00f6llig abwegig\u201c, sagt Pfarrer Lipsch im Podcast Conny&amp;Kurt. Es g\u00e4be M\u00f6glichkeiten, die aber oft von den Beh\u00f6rden nicht genutzt w\u00fcrden. Lipsch erlebt in seiner Praxis, dass sogar ausgebildete Kr\u00e4fte, etwa Krankenpfleger, kurz vor Erlangung des Bleiberechts abgeschoben w\u00fcrden. Die Erz\u00e4hlung, dass \u201eMigration die Mutter aller Probleme\u201c sei, h\u00e4lt Lipsch f\u00fcr absurd. Die Parteien h\u00e4tten sich von der AfD vor sich hertreiben lassen. Lipsch verweist darauf, dass von den in den Jahren 2015\/2016 gekommenen m\u00e4nnlichen Fl\u00fcchtlingen 86 Prozent im Arbeitsmarkt integriert seien. Zuwanderung werde dringend ben\u00f6tigt, auch von ungelernten Kr\u00e4ften.<\/p>\n\n\n\n<p>Zur Person<br><em>Pfarrer Andreas Lipsch<\/em> Abteilungsleitung Flucht, Interkulturelle Arbeit, Migration (FIAM) Interkultureller Beauftragter der Evangelischen Kirche in Hessen<\/p>\n\n\n\n<figure class=\"wp-block-audio\"><audio controls src=\"https:\/\/eimuth.de\/wp-content\/uploads\/2025\/01\/Lipsch-Sendeband.mp3\"><\/audio><\/figure>\n\n\n\n<figure class=\"wp-block-embed is-type-video is-provider-youtube wp-block-embed-youtube wp-embed-aspect-16-9 wp-has-aspect-ratio\"><div class=\"wp-block-embed__wrapper\">\n<iframe loading=\"lazy\" title=\"Integrationsoffensive statt Abschiebungsoffensive\" width=\"495\" height=\"278\" src=\"https:\/\/www.youtube.com\/embed\/O25C-4tB1HU?feature=oembed\" frameborder=\"0\" allow=\"accelerometer; autoplay; clipboard-write; encrypted-media; gyroscope; picture-in-picture; web-share\" referrerpolicy=\"strict-origin-when-cross-origin\" allowfullscreen><\/iframe>\n<\/div><\/figure>\n","protected":false},"excerpt":{"rendered":"<p>Nach der Vorstellung des Interkulturellen Beauftragten der Evangelischen Kirche in Hessen und Nassau, Andreas Lipsch, braucht es eine Integrationsoffensive statt einer Abschiebungsinitiative. \u201eZu glauben, dass man \u00fcber Abschiebungen eines der Probleme l\u00f6st, ist v\u00f6llig abwegig\u201c, sagt Pfarrer Lipsch im Podcast Conny&amp;Kurt. Es g\u00e4be M\u00f6glichkeiten, die<\/p>\n","protected":false},"author":1,"featured_media":0,"comment_status":"open","ping_status":"open","sticky":false,"template":"","format":"standard","meta":{"footnotes":""},"categories":[986],"tags":[1318,1317,334,404,766,1319],"class_list":["post-5468","post","type-post","status-publish","format-standard","hentry","category-podcast","tag-abschiebung","tag-auslaender","tag-ekhn","tag-fluechtlinge","tag-integration","tag-lipsch"],"_links":{"self":[{"href":"https:\/\/eimuth.de\/index.php?rest_route=\/wp\/v2\/posts\/5468","targetHints":{"allow":["GET"]}}],"collection":[{"href":"https:\/\/eimuth.de\/index.php?rest_route=\/wp\/v2\/posts"}],"about":[{"href":"https:\/\/eimuth.de\/index.php?rest_route=\/wp\/v2\/types\/post"}],"author":[{"embeddable":true,"href":"https:\/\/eimuth.de\/index.php?rest_route=\/wp\/v2\/users\/1"}],"replies":[{"embeddable":true,"href":"https:\/\/eimuth.de\/index.php?rest_route=%2Fwp%2Fv2%2Fcomments&post=5468"}],"version-history":[{"count":1,"href":"https:\/\/eimuth.de\/index.php?rest_route=\/wp\/v2\/posts\/5468\/revisions"}],"predecessor-version":[{"id":5470,"href":"https:\/\/eimuth.de\/index.php?rest_route=\/wp\/v2\/posts\/5468\/revisions\/5470"}],"wp:attachment":[{"href":"https:\/\/eimuth.de\/index.php?rest_route=%2Fwp%2Fv2%2Fmedia&parent=5468"}],"wp:term":[{"taxonomy":"category","embeddable":true,"href":"https:\/\/eimuth.de\/index.php?rest_route=%2Fwp%2Fv2%2Fcategories&post=5468"},{"taxonomy":"post_tag","embeddable":true,"href":"https:\/\/eimuth.de\/index.php?rest_route=%2Fwp%2Fv2%2Ftags&post=5468"}],"curies":[{"name":"wp","href":"https:\/\/api.w.org\/{rel}","templated":true}]}}