{"id":5436,"date":"2024-11-21T16:30:10","date_gmt":"2024-11-21T14:30:10","guid":{"rendered":"https:\/\/eimuth.de\/?p=5436"},"modified":"2024-11-21T16:30:10","modified_gmt":"2024-11-21T14:30:10","slug":"zugang-zu-digitalen-medien-ist-daseinsvorsorge","status":"publish","type":"post","link":"https:\/\/eimuth.de\/?p=5436","title":{"rendered":"Zugang zu digitalen Medien ist Daseinsvorsorge"},"content":{"rendered":"\n<p><br>Der Vorsitzende des Kreistages Marburg-Biedenkopf sieht den Zugang zu digitalen Medien als Teil \u00f6ffentlicher Daseinsvorsorge. Im Podcast Conny&amp;Kurt fordert er, die \u00e4ltere Generation bei der Transformation in die Digitalit\u00e4t nicht zu vergessen. Die digitale Welt biete zahlreiche M\u00f6glichkeiten der Kommunikation, aber auch der Verbesserung der Lebensqualit\u00e4t, etwa im Gesundheitsbereich. In allen Bereichen der Gesellschaft, vor allem in der Bildung, m\u00fcsse das Ziel Medienkompetenz lauten. Dabei sei zu beachten, dass es etwa f\u00fcr Menschen mit geringem Einkommen keine Ausgrenzung g\u00e4be.<\/p>\n\n\n\n<p><strong>Zur Person:<\/strong><br>Der Diplomp\u00e4dagoge Detlef Ruffert war \u00fcber viele Jahrzehnte Gesch\u00e4ftsf\u00fchrer des Instituts f\u00fcr Medien und Kommunikation \u2013 Landesfilmdienst Hessen e.V. Im Ehrenamt ist er Vorsitzender des Kreistages Marburg-Biedenkopf.<\/p>\n\n\n\n<figure class=\"wp-block-audio\"><audio controls src=\"https:\/\/eimuth.de\/wp-content\/uploads\/2024\/11\/Digital-Alter-Sendeband.mp3\"><\/audio><\/figure>\n\n\n\n<figure class=\"wp-block-embed is-type-video is-provider-youtube wp-block-embed-youtube wp-embed-aspect-16-9 wp-has-aspect-ratio\"><div class=\"wp-block-embed__wrapper\">\n<iframe loading=\"lazy\" title=\"Zugang zu digitalen Medien ist Daseinsvorsorge\" width=\"495\" height=\"278\" src=\"https:\/\/www.youtube.com\/embed\/PN55O3UF2oE?feature=oembed\" frameborder=\"0\" allow=\"accelerometer; autoplay; clipboard-write; encrypted-media; gyroscope; picture-in-picture; web-share\" referrerpolicy=\"strict-origin-when-cross-origin\" allowfullscreen><\/iframe>\n<\/div><\/figure>\n","protected":false},"excerpt":{"rendered":"<p>Der Vorsitzende des Kreistages Marburg-Biedenkopf sieht den Zugang zu digitalen Medien als Teil \u00f6ffentlicher Daseinsvorsorge. Im Podcast Conny&amp;Kurt fordert er, die \u00e4ltere Generation bei der Transformation in die Digitalit\u00e4t nicht zu vergessen. Die digitale Welt biete zahlreiche M\u00f6glichkeiten der Kommunikation, aber auch der Verbesserung der<\/p>\n","protected":false},"author":1,"featured_media":0,"comment_status":"open","ping_status":"open","sticky":false,"template":"","format":"standard","meta":{"footnotes":""},"categories":[986],"tags":[1303,1305,1304,1197,154,411],"class_list":["post-5436","post","type-post","status-publish","format-standard","hentry","category-podcast","tag-alter","tag-daseinsvorsorge","tag-digitalitaet","tag-marburg-biedenkopf","tag-ruffert","tag-steffenberg"],"_links":{"self":[{"href":"https:\/\/eimuth.de\/index.php?rest_route=\/wp\/v2\/posts\/5436","targetHints":{"allow":["GET"]}}],"collection":[{"href":"https:\/\/eimuth.de\/index.php?rest_route=\/wp\/v2\/posts"}],"about":[{"href":"https:\/\/eimuth.de\/index.php?rest_route=\/wp\/v2\/types\/post"}],"author":[{"embeddable":true,"href":"https:\/\/eimuth.de\/index.php?rest_route=\/wp\/v2\/users\/1"}],"replies":[{"embeddable":true,"href":"https:\/\/eimuth.de\/index.php?rest_route=%2Fwp%2Fv2%2Fcomments&post=5436"}],"version-history":[{"count":1,"href":"https:\/\/eimuth.de\/index.php?rest_route=\/wp\/v2\/posts\/5436\/revisions"}],"predecessor-version":[{"id":5438,"href":"https:\/\/eimuth.de\/index.php?rest_route=\/wp\/v2\/posts\/5436\/revisions\/5438"}],"wp:attachment":[{"href":"https:\/\/eimuth.de\/index.php?rest_route=%2Fwp%2Fv2%2Fmedia&parent=5436"}],"wp:term":[{"taxonomy":"category","embeddable":true,"href":"https:\/\/eimuth.de\/index.php?rest_route=%2Fwp%2Fv2%2Fcategories&post=5436"},{"taxonomy":"post_tag","embeddable":true,"href":"https:\/\/eimuth.de\/index.php?rest_route=%2Fwp%2Fv2%2Ftags&post=5436"}],"curies":[{"name":"wp","href":"https:\/\/api.w.org\/{rel}","templated":true}]}}