{"id":5412,"date":"2024-10-08T11:43:41","date_gmt":"2024-10-08T09:43:41","guid":{"rendered":"https:\/\/eimuth.de\/?p=5412"},"modified":"2024-10-08T11:43:41","modified_gmt":"2024-10-08T09:43:41","slug":"bahnhofsvorplatz-soll-nach-emilie-und-oskar-schindler-benannt-werden","status":"publish","type":"post","link":"https:\/\/eimuth.de\/?p=5412","title":{"rendered":"Bahnhofsvorplatz soll nach Emilie und Oskar Schindler benannt werden"},"content":{"rendered":"\n<p>Oskar Schindler, durch den Film von Steven Spielberg weltbekannt, verstarb am 9. Oktober 1974. Aus Anlass des 50. Todestages kommt dieser Podcast etwas fr\u00fcher. Wir sprachen mit Ulrike Trautwein, die Oskar Schindler als Kind in Frankfurt kennen lernte. Ihr Vater, der sp\u00e4tere Propst f\u00fcr Frankfurt, Dieter Trautwein, damals Stadtjugendpfarrer, entdeckte den unbekannten Retter der Juden bei Recherchen. Es entwickelte sich eine Freundschaft, von der Ulrike Trautwein berichtet. Vor allem die unendliche Gro\u00dfz\u00fcgigkeit Schindlers ist ihr in Erinnerung. Aber auch die Melancholie, die ihn umgab. Am 9. Oktober 1974 starb Oskar Schindler in einem Hildesheimer Krankenhaus. Nach der Trauerfeier auf dem Frankfurter Hauptfriedhof und dem Requiem im Frankfurter Kaiserdom wurde Oskar Schindler, seinem Wunsch entsprechend, auf dem katholischen Friedhof am Berg Zion in Jerusalem beigesetzt.<\/p>\n\n\n\n<p>Auf Betreiben von Ursula und Dieter Trautwein wurde eine Stra\u00dfe in Frankfurt nach Oskar Schindler benannt. Leider nur ein \u201eStr\u00e4\u00dfchen\u201c wie die Initator:innen bedauernd feststellen. Es steht die Idee und Forderung im Raum, den Bahnhofsvorplatz nach Emilie und Oskar Schindler zu benennen. Die Kommunalpolitik ist gefragt.<\/p>\n\n\n\n<p><strong>Zur Person<\/strong>: Ulrike Trauwein, seit 2011 Generalsuperintendentin f\u00fcr den Sprengel Berlin der Evangelischen Kirche Berlin-Brandenburg-schlesische Oberlausitz<\/p>\n\n\n\n<figure class=\"wp-block-audio\"><audio controls src=\"https:\/\/eimuth.de\/wp-content\/uploads\/2024\/10\/Schindler-Sendeband.mp3\"><\/audio><\/figure>\n\n\n\n<figure class=\"wp-block-embed is-type-video is-provider-youtube wp-block-embed-youtube wp-embed-aspect-16-9 wp-has-aspect-ratio\"><div class=\"wp-block-embed__wrapper\">\n<iframe loading=\"lazy\" title=\"Bahnhofsvorplatz soll nach Emilie und Oskar Schindler benannt werden\" width=\"495\" height=\"278\" src=\"https:\/\/www.youtube.com\/embed\/jHX_aBN4Hms?feature=oembed\" frameborder=\"0\" allow=\"accelerometer; autoplay; clipboard-write; encrypted-media; gyroscope; picture-in-picture; web-share\" referrerpolicy=\"strict-origin-when-cross-origin\" allowfullscreen><\/iframe>\n<\/div><\/figure>\n\n\n\n<p><\/p>\n\n\n\n<figure class=\"wp-block-image size-large\"><a href=\"https:\/\/eimuth.de\/wp-content\/uploads\/2024\/10\/Schindler-1967-Ev-Jugend.jpg\"><img loading=\"lazy\" decoding=\"async\" width=\"1024\" height=\"479\" src=\"https:\/\/eimuth.de\/wp-content\/uploads\/2024\/10\/Schindler-1967-Ev-Jugend-1024x479.jpg\" alt=\"\" class=\"wp-image-5414\" srcset=\"https:\/\/eimuth.de\/wp-content\/uploads\/2024\/10\/Schindler-1967-Ev-Jugend-1024x479.jpg 1024w, https:\/\/eimuth.de\/wp-content\/uploads\/2024\/10\/Schindler-1967-Ev-Jugend-300x140.jpg 300w, https:\/\/eimuth.de\/wp-content\/uploads\/2024\/10\/Schindler-1967-Ev-Jugend-768x359.jpg 768w, https:\/\/eimuth.de\/wp-content\/uploads\/2024\/10\/Schindler-1967-Ev-Jugend.jpg 1141w\" sizes=\"auto, (max-width: 1024px) 100vw, 1024px\" \/><\/a><figcaption class=\"wp-element-caption\">Oskar Schindler (zweiter von rechts) neben Dieter Trautwein (rechts) 1967 bei einer Veranstaltung der Evangelischen Jugend in Frankfurt<\/figcaption><\/figure>\n\n\n\n<p><strong>Quellen<\/strong>:<br>Dieter Trautwein, Oskar Schindler &#8230;immer neue Geschichten, Frankfurt 2000, Societ\u00e4tsverlag<br>Hessenschau: <a href=\"https:\/\/www.ardmediathek.de\/video\/hr-retro-oder-hessenschau\/interview-mit-oskar-schindler\/hr-fernsehen\/Y3JpZDovL2hyLW9ubGluZS8xNzY3MjY\">https:\/\/www.ardmediathek.de\/video\/hr-retro-oder-hessenschau\/interview-mit-oskar-schindler\/hr-fernsehen\/Y3JpZDovL2hyLW9ubGluZS8xNzY3MjY<\/a><\/p>\n","protected":false},"excerpt":{"rendered":"<p>Oskar Schindler, durch den Film von Steven Spielberg weltbekannt, verstarb am 9. Oktober 1974. Aus Anlass des 50. Todestages kommt dieser Podcast etwas fr\u00fcher. Wir sprachen mit Ulrike Trautwein, die Oskar Schindler als Kind in Frankfurt kennen lernte. Ihr Vater, der sp\u00e4tere Propst f\u00fcr Frankfurt,<\/p>\n","protected":false},"author":1,"featured_media":0,"comment_status":"open","ping_status":"open","sticky":false,"template":"","format":"standard","meta":{"footnotes":""},"categories":[1],"tags":[515,1208,1290,82,14],"class_list":["post-5412","post","type-post","status-publish","format-standard","hentry","category-allgemein","tag-antisemitismus","tag-juden","tag-oskar-schindler","tag-schindler","tag-trautwein"],"_links":{"self":[{"href":"https:\/\/eimuth.de\/index.php?rest_route=\/wp\/v2\/posts\/5412","targetHints":{"allow":["GET"]}}],"collection":[{"href":"https:\/\/eimuth.de\/index.php?rest_route=\/wp\/v2\/posts"}],"about":[{"href":"https:\/\/eimuth.de\/index.php?rest_route=\/wp\/v2\/types\/post"}],"author":[{"embeddable":true,"href":"https:\/\/eimuth.de\/index.php?rest_route=\/wp\/v2\/users\/1"}],"replies":[{"embeddable":true,"href":"https:\/\/eimuth.de\/index.php?rest_route=%2Fwp%2Fv2%2Fcomments&post=5412"}],"version-history":[{"count":1,"href":"https:\/\/eimuth.de\/index.php?rest_route=\/wp\/v2\/posts\/5412\/revisions"}],"predecessor-version":[{"id":5415,"href":"https:\/\/eimuth.de\/index.php?rest_route=\/wp\/v2\/posts\/5412\/revisions\/5415"}],"wp:attachment":[{"href":"https:\/\/eimuth.de\/index.php?rest_route=%2Fwp%2Fv2%2Fmedia&parent=5412"}],"wp:term":[{"taxonomy":"category","embeddable":true,"href":"https:\/\/eimuth.de\/index.php?rest_route=%2Fwp%2Fv2%2Fcategories&post=5412"},{"taxonomy":"post_tag","embeddable":true,"href":"https:\/\/eimuth.de\/index.php?rest_route=%2Fwp%2Fv2%2Ftags&post=5412"}],"curies":[{"name":"wp","href":"https:\/\/api.w.org\/{rel}","templated":true}]}}