{"id":5358,"date":"2024-07-04T08:17:19","date_gmt":"2024-07-04T06:17:19","guid":{"rendered":"https:\/\/eimuth.de\/?p=5358"},"modified":"2024-07-04T08:17:19","modified_gmt":"2024-07-04T06:17:19","slug":"die-kita-praegte-sie-christiane-tietz-kandidiert-als-kirchenpraesidentin","status":"publish","type":"post","link":"https:\/\/eimuth.de\/?p=5358","title":{"rendered":"Die Kita pr\u00e4gte sie &#8211; Christiane Tietz kandidiert als Kirchenpr\u00e4sidentin"},"content":{"rendered":"\n<p>F\u00fcr Christiane Tietz war der evangelische Kindergarten und der Kindergottesdienst in ihrer Frankfurter Gemeinde eine pr\u00e4gende Zeit. Heute ist die Pfarrerin im Ehrenamt Professorin f\u00fcr systematische Theologie in Z\u00fcrich. Sie kandidiert f\u00fcr das Amt der Kirchenpr\u00e4sidentin der Evangelischen Kirche in Hessen und Nassau (EKHN). Die Kindergartenarbeit liegt ihr heute noch am Herzen. Sie sagt im Podcast Conny&amp;Kurt: \u201eDas was Kinder in der fr\u00fchen Kindheit in einem evangelischen Kindergarten mitbekommen &#8211; das Kirchenjahr, welche Lieder kann man da singen und worum geht es da eigentlich &#8211; ist etwas, was sich ganz tief bei den Kindern einpr\u00e4gt. Insofern ist das f\u00fcr die Zukunft der Kirche eine ganz entscheidende Aufgabe, die wir auf gar keinen Fall aufgeben d\u00fcrfen.\u201c und Christiane Tietz betont: \u201eMan erreicht dort Menschen, die nicht Mitglied der Kirche sind.\u201c Der Umgang mit sexualisierter Gewalt ist ihr besonders wichtig. Deshalb w\u00e4re es auch eine ihrer ersten Handlungen die Fachstelle gegen sexualisierte Gewalt zu besuchen. Aber auch die Gemeinden und die Verwaltung m\u00fcssten f\u00fcr dieses Thema sensibilisiert werden. Im Podcast betont Christiane Tietz: \u201eKirche gibt\u2019s nur mit Gott. Das hei\u00dft nicht, dass wir ihn haben, aber dass wir ihn immer suchen. Das steht im Zentrum dessen, was wir machen.\u201c<\/p>\n\n\n\n<p>F\u00fcr das Amt des Kirchenpr\u00e4sidenten, der Kirchenpr\u00e4sidentin, kandidieren drei Personen: Pr\u00f6pstin Henriette Cr\u00fcwell, Pfarrer Martin Mencke, Professorin Christiane Tietz. Gew\u00e4hlt wird am 28. September.<\/p>\n\n\n\n<figure class=\"wp-block-audio\"><audio controls src=\"blob:https:\/\/eimuth.de\/66873c4b-f07c-47f2-8571-ea817079e136\"><\/audio><\/figure>\n\n\n\n<figure class=\"wp-block-embed is-type-video is-provider-youtube wp-block-embed-youtube wp-embed-aspect-16-9 wp-has-aspect-ratio\"><div class=\"wp-block-embed__wrapper\">\n<iframe loading=\"lazy\" title=\"Die Kita pr\u00e4gte sie - Christiane Tietz kandidiert als Kirchenpr\u00e4sidentin\" width=\"495\" height=\"278\" src=\"https:\/\/www.youtube.com\/embed\/N6MnMaUMSZk?feature=oembed\" frameborder=\"0\" allow=\"accelerometer; autoplay; clipboard-write; encrypted-media; gyroscope; picture-in-picture; web-share\" referrerpolicy=\"strict-origin-when-cross-origin\" allowfullscreen><\/iframe>\n<\/div><\/figure>\n","protected":false},"excerpt":{"rendered":"<p>F\u00fcr Christiane Tietz war der evangelische Kindergarten und der Kindergottesdienst in ihrer Frankfurter Gemeinde eine pr\u00e4gende Zeit. Heute ist die Pfarrerin im Ehrenamt Professorin f\u00fcr systematische Theologie in Z\u00fcrich. Sie kandidiert f\u00fcr das Amt der Kirchenpr\u00e4sidentin der Evangelischen Kirche in Hessen und Nassau (EKHN). Die<\/p>\n","protected":false},"author":1,"featured_media":0,"comment_status":"open","ping_status":"open","sticky":false,"template":"","format":"standard","meta":{"footnotes":""},"categories":[986],"tags":[1254,951,38,301,166,1237,26],"class_list":["post-5358","post","type-post","status-publish","format-standard","hentry","category-podcast","tag-christiane-tietz","tag-ekhn-2030","tag-kirche","tag-kirchenentwicklung","tag-kirchenprasident","tag-kirchenpraesidentin","tag-kita"],"_links":{"self":[{"href":"https:\/\/eimuth.de\/index.php?rest_route=\/wp\/v2\/posts\/5358","targetHints":{"allow":["GET"]}}],"collection":[{"href":"https:\/\/eimuth.de\/index.php?rest_route=\/wp\/v2\/posts"}],"about":[{"href":"https:\/\/eimuth.de\/index.php?rest_route=\/wp\/v2\/types\/post"}],"author":[{"embeddable":true,"href":"https:\/\/eimuth.de\/index.php?rest_route=\/wp\/v2\/users\/1"}],"replies":[{"embeddable":true,"href":"https:\/\/eimuth.de\/index.php?rest_route=%2Fwp%2Fv2%2Fcomments&post=5358"}],"version-history":[{"count":1,"href":"https:\/\/eimuth.de\/index.php?rest_route=\/wp\/v2\/posts\/5358\/revisions"}],"predecessor-version":[{"id":5361,"href":"https:\/\/eimuth.de\/index.php?rest_route=\/wp\/v2\/posts\/5358\/revisions\/5361"}],"wp:attachment":[{"href":"https:\/\/eimuth.de\/index.php?rest_route=%2Fwp%2Fv2%2Fmedia&parent=5358"}],"wp:term":[{"taxonomy":"category","embeddable":true,"href":"https:\/\/eimuth.de\/index.php?rest_route=%2Fwp%2Fv2%2Fcategories&post=5358"},{"taxonomy":"post_tag","embeddable":true,"href":"https:\/\/eimuth.de\/index.php?rest_route=%2Fwp%2Fv2%2Ftags&post=5358"}],"curies":[{"name":"wp","href":"https:\/\/api.w.org\/{rel}","templated":true}]}}