{"id":5296,"date":"2024-03-14T13:50:19","date_gmt":"2024-03-14T11:50:19","guid":{"rendered":"https:\/\/eimuth.de\/?p=5296"},"modified":"2024-03-14T13:50:19","modified_gmt":"2024-03-14T11:50:19","slug":"wer-waffen-liefert-bekommt-gefluechtetedie-neue-vorsitzende-von-pro-asyl-im-gespraech","status":"publish","type":"post","link":"https:\/\/eimuth.de\/?p=5296","title":{"rendered":"\u201eWer Waffen liefert, bekommt Gefl\u00fcchtete\u201cDie neue Vorsitzende von Pro Asyl im Gespr\u00e4ch"},"content":{"rendered":"\n<p>Mit Blick auf den globalen S\u00fcden beschreibt die neue Vorsitzende der Bundesarbeitsgemeinschaft Pro Asyl Halina Gutale einen Mechanismus, der in der hiesigen Diskussion keine Rolle spielt. Im Podcast Conny&amp;Kurt stellt Gutale, die mit 14 Jahren aus Somalia nach Deutschland fl\u00fcchtete, fest: \u201eWer Waffen liefert, bekommt Gefl\u00fcchtete\u201c. F\u00fcr sie ist klar: Die Gefl\u00fcchteten, die man nicht haben will, produziert man gleichzeitig.\u201c Sie selbst kennt aus ihrer Erfahrung alle Probleme von Gefl\u00fcchteten: \u201eWir hatten ganz andere Sorgen als Gleichaltrige.\u201c Die Woche \u00fcber ging sie zur Schule und am Wochenende arbeitete sie in der Pizzeria, um den Deutschkurs bezahlen zu k\u00f6nnen. F\u00fcr sie ist es wichtig, dass Gefl\u00fcchtete ihre Rechte kennen. \u201eDamals kannte ich meine Rechte nicht, man verweigerte mir das Abitur aufgrund des Aufenthaltsstatus.\u201c Es m\u00fcssten \u201emit Herz und Verstand\u201c L\u00f6sungen gesucht werden. Dabei gelte immer: \u201eWir m\u00fcssen menschlich bleiben\u201c. Die Bundesarbeitsgemeinschaft Pro Asyl ist ein Zusammenschluss von Mitarbeitenden aus Kirchen, Gewerkschaften, Wohlfahrts- und Menschenrechtsorganisationen und landesweiten Fl\u00fcchtlingsr\u00e4ten. Sie verbindet die \u00dcberzeugung, dass es die Pflicht einer demokratischen und humanen Gesellschaft ist, Fl\u00fcchtlinge und verfolgte Menschen zu sch\u00fctzen.<\/p>\n\n\n\n<figure class=\"wp-block-audio\"><audio controls src=\"https:\/\/eimuth.de\/wp-content\/uploads\/2024\/03\/240314-Gutale-Sendeband.mp3\"><\/audio><\/figure>\n\n\n\n<figure class=\"wp-block-embed is-type-video is-provider-youtube wp-block-embed-youtube wp-embed-aspect-16-9 wp-has-aspect-ratio\"><div class=\"wp-block-embed__wrapper\">\n<iframe loading=\"lazy\" title=\"\u201eWer Waffen liefert, bekommt Gefl\u00fcchtete\u201c - Die neue Vorsitzende von Pro Asyl im Gespr\u00e4ch\" width=\"495\" height=\"278\" src=\"https:\/\/www.youtube.com\/embed\/yLZ4hfm_D3Q?feature=oembed\" frameborder=\"0\" allow=\"accelerometer; autoplay; clipboard-write; encrypted-media; gyroscope; picture-in-picture; web-share\" referrerpolicy=\"strict-origin-when-cross-origin\" allowfullscreen><\/iframe>\n<\/div><\/figure>\n","protected":false},"excerpt":{"rendered":"<p>Mit Blick auf den globalen S\u00fcden beschreibt die neue Vorsitzende der Bundesarbeitsgemeinschaft Pro Asyl Halina Gutale einen Mechanismus, der in der hiesigen Diskussion keine Rolle spielt. Im Podcast Conny&amp;Kurt stellt Gutale, die mit 14 Jahren aus Somalia nach Deutschland fl\u00fcchtete, fest: \u201eWer Waffen liefert, bekommt<\/p>\n","protected":false},"author":1,"featured_media":0,"comment_status":"open","ping_status":"open","sticky":false,"template":"","format":"standard","meta":{"footnotes":""},"categories":[986],"tags":[1218,404,690,1216,1217],"class_list":["post-5296","post","type-post","status-publish","format-standard","hentry","category-podcast","tag-bezahlkarte","tag-fluechtlinge","tag-gefluechtete","tag-gutale","tag-pro-asyl"],"_links":{"self":[{"href":"https:\/\/eimuth.de\/index.php?rest_route=\/wp\/v2\/posts\/5296","targetHints":{"allow":["GET"]}}],"collection":[{"href":"https:\/\/eimuth.de\/index.php?rest_route=\/wp\/v2\/posts"}],"about":[{"href":"https:\/\/eimuth.de\/index.php?rest_route=\/wp\/v2\/types\/post"}],"author":[{"embeddable":true,"href":"https:\/\/eimuth.de\/index.php?rest_route=\/wp\/v2\/users\/1"}],"replies":[{"embeddable":true,"href":"https:\/\/eimuth.de\/index.php?rest_route=%2Fwp%2Fv2%2Fcomments&post=5296"}],"version-history":[{"count":1,"href":"https:\/\/eimuth.de\/index.php?rest_route=\/wp\/v2\/posts\/5296\/revisions"}],"predecessor-version":[{"id":5298,"href":"https:\/\/eimuth.de\/index.php?rest_route=\/wp\/v2\/posts\/5296\/revisions\/5298"}],"wp:attachment":[{"href":"https:\/\/eimuth.de\/index.php?rest_route=%2Fwp%2Fv2%2Fmedia&parent=5296"}],"wp:term":[{"taxonomy":"category","embeddable":true,"href":"https:\/\/eimuth.de\/index.php?rest_route=%2Fwp%2Fv2%2Fcategories&post=5296"},{"taxonomy":"post_tag","embeddable":true,"href":"https:\/\/eimuth.de\/index.php?rest_route=%2Fwp%2Fv2%2Ftags&post=5296"}],"curies":[{"name":"wp","href":"https:\/\/api.w.org\/{rel}","templated":true}]}}