{"id":5287,"date":"2024-02-29T13:30:15","date_gmt":"2024-02-29T11:30:15","guid":{"rendered":"https:\/\/eimuth.de\/?p=5287"},"modified":"2024-02-29T13:30:15","modified_gmt":"2024-02-29T11:30:15","slug":"kirchenasyl-rettung-im-letzten-augenblick","status":"publish","type":"post","link":"https:\/\/eimuth.de\/?p=5287","title":{"rendered":"Kirchenasyl: Rettung im letzten Augenblick"},"content":{"rendered":"\n<p>Das politische Klima ist beim Thema Migration und Asyl frostiger geworden. Die Kirche jedoch h\u00e4lt an einer alten Tradition fest: dem Kirchenasyl. Derzeit sind nach Angaben von Pfarrerin Anja Harzke vom Verein \u201eMaqom \u2013 Kirche und Zuflucht\u201c \u00fcber 800 Personen im Kirchenasyl in 455 Gemeinden. Im Podcast Conny&amp;Kurt verweist die Frankfurter Pfarrerin auf die biblische Tradition. \u201eDas Kirchewnasyl ist eine uralte Tradition, zieht sich durch die ganze Bibel hindurch. Das hat es schon immer gegeben.\u201c Heute handelt es sich um eine \u00dcbereinkunft zwischen Staat und Kirche, das weltliche Recht in kirchlichen R\u00e4umen nicht durchzusetzen. Es sei eine Chance f\u00fcr den Staat, noch einmal genauer hinzuschauen, denn die Begr\u00fcndungen der Abschiebungen sind oft nur formal. Etwa weil das erste Einwanderungsland nicht Deutschland war und nach dem Dublin-Abkommen nur dort der Antrag auf Asyl gestellt werden k\u00f6nne. \u201eDas Kirchenasyl ist ein Schutzraum um nochmal durchzuatmen und den Beh\u00f6rden die M\u00f6glichkeit zu geben, nochmal drauf zuschauen\u201c, sagt Anja Harzke. Immerhin k\u00f6nnten \u00fcber 90 Prozent derjenigen, die Kirchenasyl beantragten, bleiben.<\/p>\n\n\n\n<figure class=\"wp-block-audio\"><audio controls src=\"https:\/\/eimuth.de\/wp-content\/uploads\/2024\/02\/Kirchenasyl-Sendeband-Neu.mp3\"><\/audio><\/figure>\n\n\n\n<figure class=\"wp-block-embed is-type-video is-provider-youtube wp-block-embed-youtube wp-embed-aspect-16-9 wp-has-aspect-ratio\"><div class=\"wp-block-embed__wrapper\">\n<iframe loading=\"lazy\" title=\"Kirchenasyl: Rettung im letzten Augenblick\" width=\"495\" height=\"278\" src=\"https:\/\/www.youtube.com\/embed\/XSW3luZrcEM?feature=oembed\" frameborder=\"0\" allow=\"accelerometer; autoplay; clipboard-write; encrypted-media; gyroscope; picture-in-picture; web-share\" referrerpolicy=\"strict-origin-when-cross-origin\" allowfullscreen><\/iframe>\n<\/div><\/figure>\n","protected":false},"excerpt":{"rendered":"<p>Das politische Klima ist beim Thema Migration und Asyl frostiger geworden. Die Kirche jedoch h\u00e4lt an einer alten Tradition fest: dem Kirchenasyl. Derzeit sind nach Angaben von Pfarrerin Anja Harzke vom Verein \u201eMaqom \u2013 Kirche und Zuflucht\u201c \u00fcber 800 Personen im Kirchenasyl in 455 Gemeinden.<\/p>\n","protected":false},"author":1,"featured_media":0,"comment_status":"open","ping_status":"open","sticky":false,"template":"","format":"standard","meta":{"footnotes":""},"categories":[986],"tags":[1210,1211,1212,455],"class_list":["post-5287","post","type-post","status-publish","format-standard","hentry","category-podcast","tag-asyl","tag-kirchenasyl","tag-maqom","tag-migration"],"_links":{"self":[{"href":"https:\/\/eimuth.de\/index.php?rest_route=\/wp\/v2\/posts\/5287","targetHints":{"allow":["GET"]}}],"collection":[{"href":"https:\/\/eimuth.de\/index.php?rest_route=\/wp\/v2\/posts"}],"about":[{"href":"https:\/\/eimuth.de\/index.php?rest_route=\/wp\/v2\/types\/post"}],"author":[{"embeddable":true,"href":"https:\/\/eimuth.de\/index.php?rest_route=\/wp\/v2\/users\/1"}],"replies":[{"embeddable":true,"href":"https:\/\/eimuth.de\/index.php?rest_route=%2Fwp%2Fv2%2Fcomments&post=5287"}],"version-history":[{"count":1,"href":"https:\/\/eimuth.de\/index.php?rest_route=\/wp\/v2\/posts\/5287\/revisions"}],"predecessor-version":[{"id":5289,"href":"https:\/\/eimuth.de\/index.php?rest_route=\/wp\/v2\/posts\/5287\/revisions\/5289"}],"wp:attachment":[{"href":"https:\/\/eimuth.de\/index.php?rest_route=%2Fwp%2Fv2%2Fmedia&parent=5287"}],"wp:term":[{"taxonomy":"category","embeddable":true,"href":"https:\/\/eimuth.de\/index.php?rest_route=%2Fwp%2Fv2%2Fcategories&post=5287"},{"taxonomy":"post_tag","embeddable":true,"href":"https:\/\/eimuth.de\/index.php?rest_route=%2Fwp%2Fv2%2Ftags&post=5287"}],"curies":[{"name":"wp","href":"https:\/\/api.w.org\/{rel}","templated":true}]}}