{"id":5251,"date":"2023-12-20T21:14:42","date_gmt":"2023-12-20T19:14:42","guid":{"rendered":"https:\/\/eimuth.de\/?p=5251"},"modified":"2023-12-20T21:14:42","modified_gmt":"2023-12-20T19:14:42","slug":"ist-weihnachten-aus-den-kirchen-ausgewandert","status":"publish","type":"post","link":"https:\/\/eimuth.de\/?p=5251","title":{"rendered":"Ist Weihnachten aus den Kirchen ausgewandert?"},"content":{"rendered":"\n<p>In ihrem Podcast zu Heilig Abend fragen Conny&amp; Kurt die Regionalbisch\u00f6fin Anke Spory ob das Weihnachtsfest nicht l\u00e4ngst in eine Parallelkultur ausgewandert sei. 70.000 versammelten sich im Stadion von Borussia Dortmund zum Weihnachtsliedersingen und auch andere Stadien f\u00fcllt in dieser Vorweihnachtszeit nicht nur der Fu\u00dfball. Pr\u00f6pstin Anke Spory vermutet, dass die Zug\u00e4nglichkeit hier einfacher sei als in den Kirchengemeinden, die im Gegensatz zu ihrer eigenen Wahrnehmung doch nicht so offen seien. Weiterhin konstatiert die leitende Geistliche der Evangelischen Kirche in Hessen und Nassau, dass die Kirchen inzwischen zwar in der Minderheit seien, aber von ihnen nicht nur soziales Engagement gefordert werde. Vielmehr erwarte man deutliche Stellungnahmen zum Beispiel in der Fl\u00fcchtlingspolitik. Mut mache ihr, dass man sich gemeinsam aufgemacht habe, neue Wege in der Kirche zu gehen.<\/p>\n\n\n\n<figure class=\"wp-block-audio\"><audio controls src=\"https:\/\/eimuth.de\/wp-content\/uploads\/2023\/12\/Spory-Sendeband.mp3\"><\/audio><\/figure>\n\n\n\n<figure class=\"wp-block-embed is-type-video is-provider-youtube wp-block-embed-youtube wp-embed-aspect-16-9 wp-has-aspect-ratio\"><div class=\"wp-block-embed__wrapper\">\n<iframe loading=\"lazy\" title=\"Ist Weihnachten aus den Kirchen ausgewandert?\" width=\"495\" height=\"278\" src=\"https:\/\/www.youtube.com\/embed\/ldMwD52J7Gk?feature=oembed\" frameborder=\"0\" allow=\"accelerometer; autoplay; clipboard-write; encrypted-media; gyroscope; picture-in-picture; web-share\" referrerpolicy=\"strict-origin-when-cross-origin\" allowfullscreen><\/iframe>\n<\/div><\/figure>\n","protected":false},"excerpt":{"rendered":"<p>Weihnachten, S\u00e4kularisierung, Kirchenentwicklung, Spory<\/p>\n","protected":false},"author":1,"featured_media":0,"comment_status":"open","ping_status":"open","sticky":false,"template":"","format":"standard","meta":{"footnotes":""},"categories":[986],"tags":[],"class_list":["post-5251","post","type-post","status-publish","format-standard","hentry","category-podcast"],"_links":{"self":[{"href":"https:\/\/eimuth.de\/index.php?rest_route=\/wp\/v2\/posts\/5251","targetHints":{"allow":["GET"]}}],"collection":[{"href":"https:\/\/eimuth.de\/index.php?rest_route=\/wp\/v2\/posts"}],"about":[{"href":"https:\/\/eimuth.de\/index.php?rest_route=\/wp\/v2\/types\/post"}],"author":[{"embeddable":true,"href":"https:\/\/eimuth.de\/index.php?rest_route=\/wp\/v2\/users\/1"}],"replies":[{"embeddable":true,"href":"https:\/\/eimuth.de\/index.php?rest_route=%2Fwp%2Fv2%2Fcomments&post=5251"}],"version-history":[{"count":1,"href":"https:\/\/eimuth.de\/index.php?rest_route=\/wp\/v2\/posts\/5251\/revisions"}],"predecessor-version":[{"id":5253,"href":"https:\/\/eimuth.de\/index.php?rest_route=\/wp\/v2\/posts\/5251\/revisions\/5253"}],"wp:attachment":[{"href":"https:\/\/eimuth.de\/index.php?rest_route=%2Fwp%2Fv2%2Fmedia&parent=5251"}],"wp:term":[{"taxonomy":"category","embeddable":true,"href":"https:\/\/eimuth.de\/index.php?rest_route=%2Fwp%2Fv2%2Fcategories&post=5251"},{"taxonomy":"post_tag","embeddable":true,"href":"https:\/\/eimuth.de\/index.php?rest_route=%2Fwp%2Fv2%2Ftags&post=5251"}],"curies":[{"name":"wp","href":"https:\/\/api.w.org\/{rel}","templated":true}]}}