{"id":525,"date":"2008-05-01T21:43:44","date_gmt":"2008-05-01T21:43:44","guid":{"rendered":"http:\/\/eimuth.de\/?p=525"},"modified":"2008-05-01T21:43:44","modified_gmt":"2008-05-01T21:43:44","slug":"umtriebiger-politiker-armin-clauss","status":"publish","type":"post","link":"https:\/\/eimuth.de\/?p=525","title":{"rendered":"Umtriebiger Politiker- Armin Clauss"},"content":{"rendered":"<div id=\"eintrag-754\">\n<h6>Evangelisches Frankfurt Mai 2008<\/h6>\n<h2>Umtriebiger Politiker<\/h2>\n<p>Festschrift zum 70. Geburtstag von Armin Clauss<\/p>\n<div><img decoding=\"async\" src=\"http:\/\/evangelischesfrankfurt.de\/images\/2008\/05\/seite10_rechts.jpg\" alt=\"Foto\" \/><\/div>\n<p>Offizielle Feierlichkeiten und Lobreden wollte Armin Clauss, der am  16. M\u00e4rz seinen 70. Geburtstag feierte, nicht. Der fr\u00fchere hessische  Sozialminister (1976-1987) und Fraktionsvorsitzende der Landtags-SPD ist  auch nach seinem Abschied von der politischen B\u00fchne im Jahr 2003 aktiv,  vor allem als Funktion\u00e4r in der Diakonie. Clauss leitet die  Hauptversammlung des Diakonischen Werks in Hessen und Nassau, f\u00fchrt die  Gesellschafterversammlung der Frankfurter Diakoniekliniken und sitzt im  Aufsichtsrat des kirchlichen Krankenhaus-Konzerns Agaplesion. Das  Bockenheimer Markuskrankenhaus f\u00fchrte er 1993 aus der wirtschaftlichen  Krise und war Mitbegr\u00fcnder der Frankfurter Diakoniekliniken.<\/p>\n<p>Eben dieser Krankenhaus-Verbund widmet seinem ehrenamtlichen  Funktion\u00e4r nun eine Festschrift. Auf gut hundert Seiten wird das Leben  des umtriebigen Mannes vor allem in Gewerkschaft und Politik  geschildert. Da wird die hessische Politik lebendig. Schlie\u00dflich geh\u00f6rte  Clauss dem ersten rot-gr\u00fcnen Kabinett an, und Joschka Fischer f\u00fchlte  sich in jener Zeit von seinem Minister-Kollegen schlicht \u201e\u00fcberrumpelt\u201c.<\/p>\n<p>Dies und vieles andere ist nachzulesen in: Sabine Hock, 70  Mosaiksteine zur Biographie des hessischen Sozialpolitikers Armin  Clauss, Frankfurt 2008. Die Festschrift ist kostenlos zu beziehen bei  Agaplesion, Telefon 95332172, E-Mail <a href=\"mailto:info@agaplesion.de\">info@agaplesion.de<\/a>.<\/p>\n<p>Kurt-Helmuth Eimuth<\/p>\n<\/div>\n","protected":false},"excerpt":{"rendered":"<p>Evangelisches Frankfurt Mai 2008 Umtriebiger Politiker Festschrift zum 70. Geburtstag von Armin Clauss Offizielle Feierlichkeiten und Lobreden wollte Armin Clauss, der am 16. M\u00e4rz seinen 70. Geburtstag feierte, nicht. Der fr\u00fchere hessische Sozialminister (1976-1987) und Fraktionsvorsitzende der Landtags-SPD ist auch nach seinem Abschied von der<\/p>\n","protected":false},"author":1,"featured_media":0,"comment_status":"open","ping_status":"open","sticky":false,"template":"","format":"standard","meta":{"footnotes":""},"categories":[2],"tags":[187,37,188],"class_list":["post-525","post","type-post","status-publish","format-standard","hentry","category-artikel","tag-clauss","tag-diakonie","tag-krankenhaus"],"_links":{"self":[{"href":"https:\/\/eimuth.de\/index.php?rest_route=\/wp\/v2\/posts\/525","targetHints":{"allow":["GET"]}}],"collection":[{"href":"https:\/\/eimuth.de\/index.php?rest_route=\/wp\/v2\/posts"}],"about":[{"href":"https:\/\/eimuth.de\/index.php?rest_route=\/wp\/v2\/types\/post"}],"author":[{"embeddable":true,"href":"https:\/\/eimuth.de\/index.php?rest_route=\/wp\/v2\/users\/1"}],"replies":[{"embeddable":true,"href":"https:\/\/eimuth.de\/index.php?rest_route=%2Fwp%2Fv2%2Fcomments&post=525"}],"version-history":[{"count":0,"href":"https:\/\/eimuth.de\/index.php?rest_route=\/wp\/v2\/posts\/525\/revisions"}],"wp:attachment":[{"href":"https:\/\/eimuth.de\/index.php?rest_route=%2Fwp%2Fv2%2Fmedia&parent=525"}],"wp:term":[{"taxonomy":"category","embeddable":true,"href":"https:\/\/eimuth.de\/index.php?rest_route=%2Fwp%2Fv2%2Fcategories&post=525"},{"taxonomy":"post_tag","embeddable":true,"href":"https:\/\/eimuth.de\/index.php?rest_route=%2Fwp%2Fv2%2Ftags&post=525"}],"curies":[{"name":"wp","href":"https:\/\/api.w.org\/{rel}","templated":true}]}}