{"id":4918,"date":"2023-02-23T13:51:23","date_gmt":"2023-02-23T11:51:23","guid":{"rendered":"https:\/\/eimuth.de\/?p=4918"},"modified":"2023-02-23T13:51:23","modified_gmt":"2023-02-23T11:51:23","slug":"politisch-aber-mit-zuversicht-die-neue-cd-der-band-habakuk","status":"publish","type":"post","link":"https:\/\/eimuth.de\/?p=4918","title":{"rendered":"Politisch, aber mit Zuversicht: die neue CD der Band Habakuk"},"content":{"rendered":"\n<p>von <a href=\"https:\/\/www.efo-magazin.de\/magazin\/autoren\/kurt-helmuth-eimuth\/\">Kurt-Helmuth Eimuth<\/a><\/p>\n\n\n\n<p>16. Februar 2023<\/p>\n\n\n\n<p><strong>Wie alle Kulturschaffenden wurde auch die Band Habakuk von der Corona-Pandemie hart getroffen, besonders von Absagen f\u00fcr Auftritte beim \u00d6kumenischen Kirchentag in ihrer Heimatstadt Frankfurt. Doch Bandleader Eugen Eckert h\u00e4lt mit Hoffnung dagegen: Jetzt gibt es eine neue CD \u2013 \u201e\u00dcberall\u201c.<\/strong><\/p>\n\n\n<div class=\"wp-block-image\">\n<figure class=\"alignright size-large is-resized\"><a href=\"https:\/\/eimuth.de\/wp-content\/uploads\/2023\/02\/Ueberall.jpg\"><img decoding=\"async\" src=\"https:\/\/eimuth.de\/wp-content\/uploads\/2023\/02\/Ueberall-1015x1024.jpg\" alt=\"\" class=\"wp-image-4919\" width=\"-370\" height=\"-373\" srcset=\"https:\/\/eimuth.de\/wp-content\/uploads\/2023\/02\/Ueberall-1015x1024.jpg 1015w, https:\/\/eimuth.de\/wp-content\/uploads\/2023\/02\/Ueberall-297x300.jpg 297w, https:\/\/eimuth.de\/wp-content\/uploads\/2023\/02\/Ueberall-150x150.jpg 150w, https:\/\/eimuth.de\/wp-content\/uploads\/2023\/02\/Ueberall-768x775.jpg 768w, https:\/\/eimuth.de\/wp-content\/uploads\/2023\/02\/Ueberall.jpg 1388w\" sizes=\"(max-width: 1015px) 100vw, 1015px\" \/><\/a><\/figure>\n<\/div>\n\n\n<p>D ie Erfahrungen in der Pandemie waren be\u00e4ngstigend: \u201eSchwere Krankheitsverl\u00e4ufe, \u00fcberf\u00fcllte Intensivstationen und ein herzzerrei\u00dfendes Sterben ohne Chance zum pers\u00f6nlichen Abschied\u201c. So d\u00fcster die Erinnerungen desto heller die Hoffnung, die Texter, Musiker und Pfarrer Eugen Eckert auf der neuesten CD der Band Habakuk dagegenh\u00e4lt.<\/p>\n\n\n\n<p>\u201eWir haben uns vorgenommen, nicht im Klagen stecken zu bleiben\u201c, schreibt Eckert im Klappentext, \u201edenn wunderbare Dinge sind geblieben.\u201c So lobt der titelgebende Song \u201e\u00dcberall\u201c die Sch\u00f6nheit der Sch\u00f6pfung Gottes. \u201eFrisches Wasser, frische Luft, Vogelstimmen, erstes Lachen, fester Boden, Apfelduft.\u201c<\/p>\n\n\n\n<p>Doch vor der Wirklichkeit schlie\u00dft man nicht die Augen. Im Lied \u201eEs hat sich angek\u00fcndigt\u201c setzt sich die Band mit dem Virus und der Zerbrechlichkeit der Welt auseinander. Besonders empathisch \u201eAtemzug um Atemzug\u201c, das die Situation von Menschen mit Atemnot aufgreift und dabei auch den Pflegenden dankt. \u201eEr (der Virus) hat das auch bei mir probiert. Ich kam davon, ich blieb am Leben, weil du nie aufgabst, du mich pflegst.\u201c Und an die weltweiten Verflechtungen erinnert ein anderer Song mit der Textzeile: \u201eWas wir Global anpflanzen, das ernten wir global.\u201c<\/p>\n\n\n\n<p>Deutlich bezieht Eckert im Lied zum Motto des \u00d6kumenischen Kirchentages Stellung. \u201eSchau hin\u201c ist das politischste Lied. Ausl\u00e4nderhass, die Bedrohung der Sch\u00f6pfung und die Gier des Kapitals (\u201eEin Bankhaus l\u00fcgt, Cum-Ex betr\u00fcgt!\u201c) werden benannt, und es wird zum Widerstand aufgefordert. Die Musik ist bei so kraftvollen Zeilen sogar etwas zu harmonisch geraten.<\/p>\n\n\n\n<p>Die neue CD, erschienen im 48. Jahr des Bestehens der Band, ist musikalisch reif aber keineswegs abgehangen. Sie bietet flotte, abwechslungsreiche Musik mit Texten zum Nachdenken, die trotz aller benannten Widrigkeiten Zuversicht verbreiten. So etwa im Osterlied, aber auch in den an den Psalmen angelehnten Texten.<\/p>\n\n\n\n<p>Mein pers\u00f6nlicher Hit ist der einzige auf Englisch gesungene Song \u201eBe an angel\u201c. Bei zun\u00e4chst einfacher Klavierbegleitung singt Laura Doernbach hinrei\u00dfend: \u201eBe an angel. Just be an angel. It\u2019s the best thing you can do.\u201c W\u00e4re er auf einem gro\u00dfen Label erschienen, h\u00e4tte der Song die Chance, in die Charts zu kommen.<\/p>\n\n\n\n<p><strong>Die CD &#8222;\u00dcberall&#8220; kann f\u00fcr 15 Euro plus 3,40 Euro Versand \u00fcber<\/strong><a href=\"https:\/\/www.habakuk-musik.de\/\">www.habakuk-musik.de<\/a> <strong>bestellt werden.<\/strong><\/p>\n","protected":false},"excerpt":{"rendered":"<p>von Kurt-Helmuth Eimuth 16. Februar 2023 Wie alle Kulturschaffenden wurde auch die Band Habakuk von der Corona-Pandemie hart getroffen, besonders von Absagen f\u00fcr Auftritte beim \u00d6kumenischen Kirchentag in ihrer Heimatstadt Frankfurt. Doch Bandleader Eugen Eckert h\u00e4lt mit Hoffnung dagegen: Jetzt gibt es eine neue CD<\/p>\n","protected":false},"author":1,"featured_media":0,"comment_status":"open","ping_status":"open","sticky":false,"template":"","format":"standard","meta":{"footnotes":""},"categories":[2,17],"tags":[1074,52,1076,160,1075],"class_list":["post-4918","post","type-post","status-publish","format-standard","hentry","category-artikel","category-buchbesprechungen","tag-habakuk","tag-musik","tag-sacro-pop","tag-schopfung","tag-ueberall"],"_links":{"self":[{"href":"https:\/\/eimuth.de\/index.php?rest_route=\/wp\/v2\/posts\/4918","targetHints":{"allow":["GET"]}}],"collection":[{"href":"https:\/\/eimuth.de\/index.php?rest_route=\/wp\/v2\/posts"}],"about":[{"href":"https:\/\/eimuth.de\/index.php?rest_route=\/wp\/v2\/types\/post"}],"author":[{"embeddable":true,"href":"https:\/\/eimuth.de\/index.php?rest_route=\/wp\/v2\/users\/1"}],"replies":[{"embeddable":true,"href":"https:\/\/eimuth.de\/index.php?rest_route=%2Fwp%2Fv2%2Fcomments&post=4918"}],"version-history":[{"count":1,"href":"https:\/\/eimuth.de\/index.php?rest_route=\/wp\/v2\/posts\/4918\/revisions"}],"predecessor-version":[{"id":4920,"href":"https:\/\/eimuth.de\/index.php?rest_route=\/wp\/v2\/posts\/4918\/revisions\/4920"}],"wp:attachment":[{"href":"https:\/\/eimuth.de\/index.php?rest_route=%2Fwp%2Fv2%2Fmedia&parent=4918"}],"wp:term":[{"taxonomy":"category","embeddable":true,"href":"https:\/\/eimuth.de\/index.php?rest_route=%2Fwp%2Fv2%2Fcategories&post=4918"},{"taxonomy":"post_tag","embeddable":true,"href":"https:\/\/eimuth.de\/index.php?rest_route=%2Fwp%2Fv2%2Ftags&post=4918"}],"curies":[{"name":"wp","href":"https:\/\/api.w.org\/{rel}","templated":true}]}}