{"id":4901,"date":"2023-02-04T20:24:54","date_gmt":"2023-02-04T18:24:54","guid":{"rendered":"https:\/\/eimuth.de\/?p=4901"},"modified":"2023-02-04T20:24:54","modified_gmt":"2023-02-04T18:24:54","slug":"auch-heute-noch-rassismus-in-den-kirchen","status":"publish","type":"post","link":"https:\/\/eimuth.de\/?p=4901","title":{"rendered":"Auch heute noch: Rassismus in den Kirchen"},"content":{"rendered":"\n<figure class=\"wp-block-image size-large is-resized\"><a href=\"https:\/\/eimuth.de\/wp-content\/uploads\/2023\/02\/weisser-Jesus-in-der-Krippe.webp\"><img loading=\"lazy\" decoding=\"async\" src=\"https:\/\/eimuth.de\/wp-content\/uploads\/2023\/02\/weisser-Jesus-in-der-Krippe-1024x768.webp\" alt=\"\" class=\"wp-image-4902\" width=\"389\" height=\"292\" srcset=\"https:\/\/eimuth.de\/wp-content\/uploads\/2023\/02\/weisser-Jesus-in-der-Krippe-1024x768.webp 1024w, https:\/\/eimuth.de\/wp-content\/uploads\/2023\/02\/weisser-Jesus-in-der-Krippe-300x225.webp 300w, https:\/\/eimuth.de\/wp-content\/uploads\/2023\/02\/weisser-Jesus-in-der-Krippe-768x576.webp 768w, https:\/\/eimuth.de\/wp-content\/uploads\/2023\/02\/weisser-Jesus-in-der-Krippe-1536x1152.webp 1536w, https:\/\/eimuth.de\/wp-content\/uploads\/2023\/02\/weisser-Jesus-in-der-Krippe.webp 1920w\" sizes=\"auto, (max-width: 389px) 100vw, 389px\" \/><\/a><figcaption class=\"wp-element-caption\">Der wei\u00dfe Jesus in der Krippe (Foto: Ulrike La Gro)<\/figcaption><\/figure>\n\n\n\n<p>Zum Gl\u00fcck sind solche Beispiele in der Kirche selten. Wer sich dem blonden Kind in der Krippe in der Frankfurter Deutschordenkirche n\u00e4hert, steht direkt vor einer Spendendose im Missionsstil, auch heute noch oft \u201eNick-N****\u201c genannt. Wer eine M\u00fcnze einwirft, dem nickt die Figur eines schwarzen, barf\u00fc\u00dfigen Kindes brav zu. Solch offener, aber in diesem Fall allj\u00e4hrlich wiederholter krasser Rassismus ist selten.<\/p>\n\n\n\n<p>Doch es gibt den Alltagsrassismus in in den Kirchen. Dieser Befund verwundert zun\u00e4chst, aber die Kirche ist eben auch nur ein Teil der Gesellschaft. James Karanja, promovierter Theologe, der nicht als Pfarrer arbeiten kann und die Theologiestudentin Ulrike La Gro berichten im Podcast Conny&amp;Kurt vom Alltagsrassismus in der Kirche und welche Wege sie ansto\u00dfen, um Christinnen und Christen sensibel zu machen. Dabei geht es vor allem um scheinbare Kleinigkeiten, die aber f\u00fcr die Betroffenen nur schwer zu ertragen sind. Auch theologiegeschichtlich merken die beiden an, \u201edass es noch mehr gibt au\u00dfer Luther und Schleiermacher\u201c. Und mit der Kirchengeschichte zu Zeiten des Kolonialismus hat man sich kaum auseinandergesetzt.<\/p>\n\n\n\n<figure class=\"wp-block-audio\"><audio controls src=\"https:\/\/eimuth.de\/wp-content\/uploads\/2023\/02\/230203-Rassismus.mp3\"><\/audio><\/figure>\n\n\n\n<figure class=\"wp-block-embed is-type-video is-provider-youtube wp-block-embed-youtube wp-embed-aspect-16-9 wp-has-aspect-ratio\"><div class=\"wp-block-embed__wrapper\">\n<iframe loading=\"lazy\" title=\"Auch heute noch: Rassismus in den Kirchen\" width=\"495\" height=\"278\" src=\"https:\/\/www.youtube.com\/embed\/V4A0dv8yFgs?feature=oembed\" frameborder=\"0\" allow=\"accelerometer; autoplay; clipboard-write; encrypted-media; gyroscope; picture-in-picture; web-share\" referrerpolicy=\"strict-origin-when-cross-origin\" allowfullscreen><\/iframe>\n<\/div><\/figure>\n","protected":false},"excerpt":{"rendered":"<p>Zum Gl\u00fcck sind solche Beispiele in der Kirche selten. Wer sich dem blonden Kind in der Krippe in der Frankfurter Deutschordenkirche n\u00e4hert, steht direkt vor einer Spendendose im Missionsstil, auch heute noch oft \u201eNick-N****\u201c genannt. Wer eine M\u00fcnze einwirft, dem nickt die Figur eines schwarzen,<\/p>\n","protected":false},"author":1,"featured_media":0,"comment_status":"open","ping_status":"open","sticky":false,"template":"","format":"standard","meta":{"footnotes":""},"categories":[986],"tags":[38,521],"class_list":["post-4901","post","type-post","status-publish","format-standard","hentry","category-podcast","tag-kirche","tag-rassismus"],"_links":{"self":[{"href":"https:\/\/eimuth.de\/index.php?rest_route=\/wp\/v2\/posts\/4901","targetHints":{"allow":["GET"]}}],"collection":[{"href":"https:\/\/eimuth.de\/index.php?rest_route=\/wp\/v2\/posts"}],"about":[{"href":"https:\/\/eimuth.de\/index.php?rest_route=\/wp\/v2\/types\/post"}],"author":[{"embeddable":true,"href":"https:\/\/eimuth.de\/index.php?rest_route=\/wp\/v2\/users\/1"}],"replies":[{"embeddable":true,"href":"https:\/\/eimuth.de\/index.php?rest_route=%2Fwp%2Fv2%2Fcomments&post=4901"}],"version-history":[{"count":1,"href":"https:\/\/eimuth.de\/index.php?rest_route=\/wp\/v2\/posts\/4901\/revisions"}],"predecessor-version":[{"id":4904,"href":"https:\/\/eimuth.de\/index.php?rest_route=\/wp\/v2\/posts\/4901\/revisions\/4904"}],"wp:attachment":[{"href":"https:\/\/eimuth.de\/index.php?rest_route=%2Fwp%2Fv2%2Fmedia&parent=4901"}],"wp:term":[{"taxonomy":"category","embeddable":true,"href":"https:\/\/eimuth.de\/index.php?rest_route=%2Fwp%2Fv2%2Fcategories&post=4901"},{"taxonomy":"post_tag","embeddable":true,"href":"https:\/\/eimuth.de\/index.php?rest_route=%2Fwp%2Fv2%2Ftags&post=4901"}],"curies":[{"name":"wp","href":"https:\/\/api.w.org\/{rel}","templated":true}]}}