{"id":475,"date":"2009-02-01T20:54:15","date_gmt":"2009-02-01T20:54:15","guid":{"rendered":"http:\/\/eimuth.de\/?p=475"},"modified":"2009-02-01T20:54:15","modified_gmt":"2009-02-01T20:54:15","slug":"soziale-arbeit-fur-zukunft-sichern","status":"publish","type":"post","link":"https:\/\/eimuth.de\/?p=475","title":{"rendered":"Soziale Arbeit f\u00fcr Zukunft sichern"},"content":{"rendered":"<h6>Evangelisches Frankfurt Februar 2009<\/h6>\n<h2>Soziale Arbeit f\u00fcr Zukunft sichern<br \/>\nEvangelische Diakoniestiftung ins Goldene Buch eingetragen<\/h2>\n<p>\u201eIn einer Zeit, da selbst Banken als Bettler auftreten, wagt es der  Evangelische Regionalverband, Geld auf Dauer f\u00fcr bestimmte wohlt\u00e4tige  Zwecke festzulegen\u201c, freute sich Stadtrat Christof Warnke aus Anlass der  Eintragung einer neuen Frankfurter Diakoniestiftung ins Goldene Buch  der Stiftungen im Frankfurter R\u00f6mer. Die Stiftung soll dazu beitragen,  die soziale Arbeit der evangelischen Kirche in Frankfurt langfristig zu  sichern und vom Kirchensteueraufkommen unabh\u00e4ngiger zu machen.<\/p>\n<div><img decoding=\"async\" src=\"http:\/\/evangelischesfrankfurt.de\/images\/2009\/02\/seite06_oben.jpg\" alt=\"Stadtrat Christof Warnke - sitzend - freut sich \u00fcber eine weitere Stiftung in Frankfurt: Pfarrerin Esther Gebhardt, Karsten von K\u00f6ller und Pfarrer Michael Frase vom Stiftungsvorstand der neuen Diakoniestiftung sowie Pfarrer Burkhard Sulimma von deren Verwaltungsrat - stehend von links nach rechts - bei der Eintragung ins Goldene Buch der Stiftungen im R\u00f6mer. | Foto: Rolf Oeser\" \/><\/p>\n<div>\n<div>Stadtrat  Christof Warnke \u2013 sitzend \u2013 freut sich \u00fcber eine weitere Stiftung in  Frankfurt: Pfarrerin Esther Gebhardt, Karsten von K\u00f6ller und Pfarrer  Michael Frase vom Stiftungsvorstand der neuen Diakoniestiftung sowie  Pfarrer Burkhard Sulimma von deren Verwaltungsrat \u2013 stehend von links  nach rechts \u2013 bei der Eintragung ins Goldene Buch der Stiftungen im  R\u00f6mer.<\/div>\n<div>Foto: Rolf Oeser<\/div>\n<\/div>\n<\/div>\n<p>Der Regionalverband \u00fcbertr\u00e4gt ihr daf\u00fcr ein Barverm\u00f6gen in H\u00f6he von  1,5 Millionen Euro und hofft auf weitere Zustiftungen engagierter  B\u00fcrgerinnen und B\u00fcrger. \u201eDie Stiftung soll dazu beitragen, Schwerpunkte  in der Arbeit der Kinder-, Jugend- und Familienbetreuung zu setzen sowie  Hilfeleistungen f\u00fcr Menschen in Lebenskrisen, f\u00fcr Menschen mit  Behinderungen, f\u00fcr Menschen, die auf medizinische Hilfe und Pflege  angewiesen sind, zu erbringen\u201c, erl\u00e4uterte Pfarrer Michael Frase, Leiter  des Diakonischen Werks f\u00fcr Frankfurt. \u201eDes Weiteren will sie die  M\u00f6glichkeit eines selbst bestimmten Lebens im Alter sowie in der letzten  Lebensphase schaffen.\u201c<\/p>\n<p>Aus Erbschaften der evangelischen Blindenarbeit, die eine  Zweckbindung haben, werden Hilfen f\u00fcr blinde und sehbehinderte Menschen  finanziert. Frase k\u00fcndigte an, dass auch eine Unterstiftung zur  F\u00f6rderung der  Hospizarbeit in der evangelischen Kirche eingerichtet  werden soll.<\/p>\n<p>Nach \u00dcberzeugung von Stadtrat Warnke zeigt der Evangelische  Regionalverband mit seiner Initiative ein Vertrauen, nach dem heute  allenthalben Ausschau gehalten werde. Er wies darauf hin, dass Frankfurt  die \u201eStiftungshauptstadt\u201c Deutschlands sei. Immerhin verwalten am Main  470 Stiftungen den Betrag von sechs Milliarden Euro, was mehr als das  Doppelte des Frankfurter Jahresetats ist.<\/p>\n<p>F\u00fcr Frase ist die Diakoniestiftung eine moderne Organisationsform  f\u00fcr diakonisches Handeln: \u201eMan kann sagen, dass sie die moderne  zeitgem\u00e4\u00dfe Interpretation der Ausrichtung des Handelns auf die Not des  N\u00e4chsten ist, wie sie uns im Neuen Testament grundlegend erkl\u00e4rt und als  Aufgabe aufgegeben wird.\u201c<\/p>\n<p>Kurt-Helmuth Eimuth<\/p>\n","protected":false},"excerpt":{"rendered":"<p>Evangelisches Frankfurt Februar 2009 Soziale Arbeit f\u00fcr Zukunft sichern Evangelische Diakoniestiftung ins Goldene Buch eingetragen \u201eIn einer Zeit, da selbst Banken als Bettler auftreten, wagt es der Evangelische Regionalverband, Geld auf Dauer f\u00fcr bestimmte wohlt\u00e4tige Zwecke festzulegen\u201c, freute sich Stadtrat Christof Warnke aus Anlass der<\/p>\n","protected":false},"author":1,"featured_media":0,"comment_status":"open","ping_status":"open","sticky":false,"template":"","format":"standard","meta":{"footnotes":""},"categories":[2],"tags":[37,38,162],"class_list":["post-475","post","type-post","status-publish","format-standard","hentry","category-artikel","tag-diakonie","tag-kirche","tag-stiftungen"],"_links":{"self":[{"href":"https:\/\/eimuth.de\/index.php?rest_route=\/wp\/v2\/posts\/475","targetHints":{"allow":["GET"]}}],"collection":[{"href":"https:\/\/eimuth.de\/index.php?rest_route=\/wp\/v2\/posts"}],"about":[{"href":"https:\/\/eimuth.de\/index.php?rest_route=\/wp\/v2\/types\/post"}],"author":[{"embeddable":true,"href":"https:\/\/eimuth.de\/index.php?rest_route=\/wp\/v2\/users\/1"}],"replies":[{"embeddable":true,"href":"https:\/\/eimuth.de\/index.php?rest_route=%2Fwp%2Fv2%2Fcomments&post=475"}],"version-history":[{"count":0,"href":"https:\/\/eimuth.de\/index.php?rest_route=\/wp\/v2\/posts\/475\/revisions"}],"wp:attachment":[{"href":"https:\/\/eimuth.de\/index.php?rest_route=%2Fwp%2Fv2%2Fmedia&parent=475"}],"wp:term":[{"taxonomy":"category","embeddable":true,"href":"https:\/\/eimuth.de\/index.php?rest_route=%2Fwp%2Fv2%2Fcategories&post=475"},{"taxonomy":"post_tag","embeddable":true,"href":"https:\/\/eimuth.de\/index.php?rest_route=%2Fwp%2Fv2%2Ftags&post=475"}],"curies":[{"name":"wp","href":"https:\/\/api.w.org\/{rel}","templated":true}]}}