{"id":4144,"date":"2013-06-30T08:23:00","date_gmt":"2013-06-30T06:23:00","guid":{"rendered":"http:\/\/eimuth.de\/?p=4144"},"modified":"2021-01-15T08:27:35","modified_gmt":"2021-01-15T06:27:35","slug":"festeburgkirche-zum-50-jubilaeum-unter-denkmalschutz-gestellt","status":"publish","type":"post","link":"https:\/\/eimuth.de\/?p=4144","title":{"rendered":"Festeburgkirche: Zum 50. Jubil\u00e4um unter Denkmalschutz gestellt"},"content":{"rendered":"\n<p>Von <a href=\"http:\/\/www.evangelischesfrankfurtarchiv.de\/people\/kurt-helmuth-eimuth\/\">Kurt-Helmuth Eimuth<\/a> \u2013 30. Juni 2013<\/p>\n\n\n\n<h2 class=\"wp-block-heading\" id=\"article-headline\"><\/h2>\n\n\n\n<p><strong>Diskussionen um eine m\u00f6gliche Aufgabe der Festeburgkirche in Preungesheim sind nun beendet: P\u00fcnktlich zu ihrem 50. Jubil\u00e4um wurde die Kirche unter Denkmalschutz gestellt. Grund daf\u00fcr sind vor allem die Fenster von Johannes Schreiter.<\/strong><a href=\"http:\/\/evangelischesfrankfurtarchiv.de\/wp-content\/uploads\/2013\/06\/130629-Festeburg-klein-32.jpg\"><\/a><\/p>\n\n\n\n<figure class=\"wp-block-image size-large\"><a href=\"https:\/\/eimuth.de\/wp-content\/uploads\/2021\/01\/130629-Festeburg-klein-32-1024x682-2.jpg\"><img loading=\"lazy\" decoding=\"async\" width=\"1024\" height=\"682\" src=\"https:\/\/eimuth.de\/wp-content\/uploads\/2021\/01\/130629-Festeburg-klein-32-1024x682-2.jpg\" alt=\"\" class=\"wp-image-4146\" srcset=\"https:\/\/eimuth.de\/wp-content\/uploads\/2021\/01\/130629-Festeburg-klein-32-1024x682-2.jpg 1024w, https:\/\/eimuth.de\/wp-content\/uploads\/2021\/01\/130629-Festeburg-klein-32-1024x682-2-300x200.jpg 300w, https:\/\/eimuth.de\/wp-content\/uploads\/2021\/01\/130629-Festeburg-klein-32-1024x682-2-768x512.jpg 768w\" sizes=\"auto, (max-width: 1024px) 100vw, 1024px\" \/><\/a><figcaption>Der in Langen lebende Glasbildner Johannes Schreiter vor den von ihm geschaffenen Kirchenfenstern. Foto: Kurt-Helmuth Eimuth<\/figcaption><\/figure>\n\n\n\n<p>Die evangelische Festeburggemeinde im Frankfurter Stadtteil Preungesheim feierte am vergangenen Wochenende ihr 50. Jubil\u00e4um. Wie Dore Stuckmeier-Schubert vom Synodalvorstand der Synode der Evangelischen Kirche in Hessen und Nassau mitteilte, wurde die Festeburgkirche unter Denkmalschutz gestellt. Damit d\u00fcrften alle Diskussionen zur Aufgabe der Kirche erstickt sein.<\/p>\n\n\n\n<p>Wesentlichen Anteil an dieser Entscheidung haben die von Professor Johannes Schreiter geschaffenen Kirchenfenster. Schreiter bezeichnete in der Festversammlung sein Fr\u00fchwerk in Preungesheim als eine \u201esinnvolle farbliche Askese\u201c. Der international renomierte K\u00fcnstler hat die Fenster in Betonglastechnik ausgef\u00fchrt.<\/p>\n\n\n\n<p>Ein Motiv der Fenster nimmt auch das am Jubil\u00e4umsabend enth\u00fcllte neue Signet der Gemeinde auf. Es zeigt einen Ausschnitt aus den Kirchenfenstern. F\u00fcr Michael Martell vom F\u00f6rderverein Festeburg symbolisiert die Darstellung Gemeinde und Pfarrerin, oder auch eine \u201efeste Burg\u201c mit Zuversicht und St\u00e4rke. Der F\u00f6rderverein wurde 2011 gegr\u00fcndet. Er will die Festeburgkirche als gemeindliches, aber auch als gesellschaftliches und kulturelles Zentrum erhalten und st\u00e4rken.<a href=\"http:\/\/evangelischesfrankfurtarchiv.de\/wp-content\/uploads\/2013\/06\/130629-Festeburg-klein-30.jpg\"><\/a><\/p>\n\n\n\n<figure class=\"wp-block-image size-large is-resized\"><a href=\"https:\/\/eimuth.de\/wp-content\/uploads\/2021\/01\/130629-Festeburg-klein-30.jpg\"><img loading=\"lazy\" decoding=\"async\" src=\"https:\/\/eimuth.de\/wp-content\/uploads\/2021\/01\/130629-Festeburg-klein-30-1024x683.jpg\" alt=\"\" class=\"wp-image-4147\" width=\"580\" height=\"386\" srcset=\"https:\/\/eimuth.de\/wp-content\/uploads\/2021\/01\/130629-Festeburg-klein-30-1024x683.jpg 1024w, https:\/\/eimuth.de\/wp-content\/uploads\/2021\/01\/130629-Festeburg-klein-30-300x200.jpg 300w, https:\/\/eimuth.de\/wp-content\/uploads\/2021\/01\/130629-Festeburg-klein-30-768x512.jpg 768w, https:\/\/eimuth.de\/wp-content\/uploads\/2021\/01\/130629-Festeburg-klein-30-1536x1024.jpg 1536w, https:\/\/eimuth.de\/wp-content\/uploads\/2021\/01\/130629-Festeburg-klein-30-2048x1366.jpg 2048w\" sizes=\"auto, (max-width: 580px) 100vw, 580px\" \/><\/a><figcaption>Michael Martell vor dem neuen Signet der Festeburgegemeinde. Foto: Kurt-Helmuth Eimuth<\/figcaption><\/figure>\n\n\n\n<p>Stadtrat Volker Stein hob in seinem Gru\u00dfwort f\u00fcr den Frankfurter Magistrat seine enge famili\u00e4re Bindung zur Preungesheimer Gemeinde hervor. Schon sein Vater, der Stadt\u00e4lteste Paul Stein, geh\u00f6rte dem Kirchenvorstand an. Volker Stein selbst war 35 Jahre lang Kirchenvorsteher, davon 10 Jahre als Vorsitzender des Kirchenvorstandes. Die Kirche sei f\u00fcr ihn ein Kleinod. Die Gemeinde trage zur Beheimatung der Menschen im Stadtteil bei, so Stein.<\/p>\n\n\n\n<p>Dekan J\u00fcrgen Moser hob die Bedeutung des Engagements hervor: \u201eKirche kann nicht ohne die ehrenamtlich t\u00e4tigen Menschen existieren.\u201c Professor Peter Scherle setzte sich in seinem Beitrag mit der Zukunft des Glaubens auseinander. Glaube sei nach protestantischem Verst\u00e4ndnis etwas, das alleine von Gott geweckt werde: \u201eDer Glaube ist weder durch Vernunft, noch durch Entscheidung, noch durch Gef\u00fchle begr\u00fcndet.\u201c<\/p>\n\n\n\n<p>Beitrag von <strong><a href=\"http:\/\/www.evangelischesfrankfurtarchiv.de\/people\/kurt-helmuth-eimuth\/\">Kurt-Helmuth Eimuth<\/a><\/strong>, ver\u00f6ffentlicht am 30. Juni 2013 in der Rubrik <a href=\"http:\/\/www.evangelischesfrankfurtarchiv.de\/category\/stadtkirche\/\">Stadtkirche<\/a>, erschienen in der Ausgabe <a href=\"http:\/\/www.evangelischesfrankfurtarchiv.de\/issue\/2013-5-september\/\">2013\/5 &#8211; September<\/a>, <a href=\"http:\/\/www.evangelischesfrankfurtarchiv.de\/issue\/web\/\">Web<\/a>.<\/p>\n","protected":false},"excerpt":{"rendered":"<p>Von Kurt-Helmuth Eimuth \u2013 30. Juni 2013 Diskussionen um eine m\u00f6gliche Aufgabe der Festeburgkirche in Preungesheim sind nun beendet: P\u00fcnktlich zu ihrem 50. Jubil\u00e4um wurde die Kirche unter Denkmalschutz gestellt. Grund daf\u00fcr sind vor allem die Fenster von Johannes Schreiter. Die evangelische Festeburggemeinde im Frankfurter<\/p>\n","protected":false},"author":1,"featured_media":0,"comment_status":"open","ping_status":"open","sticky":false,"template":"","format":"standard","meta":{"footnotes":""},"categories":[2],"tags":[794,784],"class_list":["post-4144","post","type-post","status-publish","format-standard","hentry","category-artikel","tag-festeburggemeinde","tag-preungesheim"],"_links":{"self":[{"href":"https:\/\/eimuth.de\/index.php?rest_route=\/wp\/v2\/posts\/4144","targetHints":{"allow":["GET"]}}],"collection":[{"href":"https:\/\/eimuth.de\/index.php?rest_route=\/wp\/v2\/posts"}],"about":[{"href":"https:\/\/eimuth.de\/index.php?rest_route=\/wp\/v2\/types\/post"}],"author":[{"embeddable":true,"href":"https:\/\/eimuth.de\/index.php?rest_route=\/wp\/v2\/users\/1"}],"replies":[{"embeddable":true,"href":"https:\/\/eimuth.de\/index.php?rest_route=%2Fwp%2Fv2%2Fcomments&post=4144"}],"version-history":[{"count":1,"href":"https:\/\/eimuth.de\/index.php?rest_route=\/wp\/v2\/posts\/4144\/revisions"}],"predecessor-version":[{"id":4148,"href":"https:\/\/eimuth.de\/index.php?rest_route=\/wp\/v2\/posts\/4144\/revisions\/4148"}],"wp:attachment":[{"href":"https:\/\/eimuth.de\/index.php?rest_route=%2Fwp%2Fv2%2Fmedia&parent=4144"}],"wp:term":[{"taxonomy":"category","embeddable":true,"href":"https:\/\/eimuth.de\/index.php?rest_route=%2Fwp%2Fv2%2Fcategories&post=4144"},{"taxonomy":"post_tag","embeddable":true,"href":"https:\/\/eimuth.de\/index.php?rest_route=%2Fwp%2Fv2%2Ftags&post=4144"}],"curies":[{"name":"wp","href":"https:\/\/api.w.org\/{rel}","templated":true}]}}