{"id":3963,"date":"2014-10-29T08:49:00","date_gmt":"2014-10-29T06:49:00","guid":{"rendered":"http:\/\/eimuth.de\/?p=3963"},"modified":"2021-01-02T08:50:19","modified_gmt":"2021-01-02T06:50:19","slug":"auszeichnung-fuer-engagement-gegen-religioes-totalitaere-gruppen","status":"publish","type":"post","link":"https:\/\/eimuth.de\/?p=3963","title":{"rendered":"Auszeichnung f\u00fcr Engagement gegen religi\u00f6s-totalit\u00e4re Gruppen"},"content":{"rendered":"\n<p>Von <a href=\"http:\/\/www.evangelischesfrankfurtarchiv.de\/people\/redaktion\/\">Redaktion<\/a> \u2013 29. Oktober 2014<\/p>\n\n\n\n<h2 class=\"wp-block-heading\" id=\"article-headline\"><\/h2>\n\n\n\n<p><strong>Der Leiter der Redaktion von \u201eEvangelisches Frankfurt\u201c, Kurt-Helmuth Eimuth, erh\u00e4lt f\u00fcr sein ehrenamtliches Engagement in der Sekteninformation und Selbsthilfe Hessen (SINUS) den Ehrenbrief des Landes Hessen.<\/strong><a href=\"http:\/\/evangelischesfrankfurtarchiv.de\/wp-content\/uploads\/2014\/10\/Blog_Eimuth061.jpg\"><\/a><\/p>\n\n\n\n<figure class=\"wp-block-image size-large\"><a href=\"https:\/\/eimuth.de\/wp-content\/uploads\/2021\/01\/Blog_Eimuth061.jpg\"><img loading=\"lazy\" decoding=\"async\" width=\"794\" height=\"562\" src=\"https:\/\/eimuth.de\/wp-content\/uploads\/2021\/01\/Blog_Eimuth061.jpg\" alt=\"\" class=\"wp-image-3964\" srcset=\"https:\/\/eimuth.de\/wp-content\/uploads\/2021\/01\/Blog_Eimuth061.jpg 794w, https:\/\/eimuth.de\/wp-content\/uploads\/2021\/01\/Blog_Eimuth061-300x212.jpg 300w, https:\/\/eimuth.de\/wp-content\/uploads\/2021\/01\/Blog_Eimuth061-768x544.jpg 768w\" sizes=\"auto, (max-width: 794px) 100vw, 794px\" \/><\/a><figcaption>Frankfurt: Kurt-Helmuth Eimuth Portrait\r\rFoto aufgenommen am 01.10.2013\r\rFoto: Rolf Oeser<\/figcaption><\/figure>\n\n\n\n<p>Kurt-Helmuth Eimuth erh\u00e4lt den Ehrenbrief des Landes Hessen. Foto: Rolf Oeser<\/p>\n\n\n\n<p>Der ehemalige Weltanschauungsbeauftragte des Evangelischen Regionalverbandes geh\u00f6rt zu den Gr\u00fcndungsmitgliedern von <a href=\"http:\/\/www.sinus-ffm.de\/\" target=\"_blank\" rel=\"noreferrer noopener\">SINUS<\/a>. Der Verein ber\u00e4t und informiert seit zwanzig Jahren&nbsp;Angeh\u00f6rige und ehemalige Mitglieder von religi\u00f6s-totalit\u00e4ren Gruppen wie Scientology oder auch verschiedenen Guru-Bewegungen.<\/p>\n\n\n\n<p>\u201eGerade in einer Zeit der Auseinandersetzung mit dem Salafismus zeigt sich die Notwendigkeit einer solchen Arbeit, denn es gibt in der Motivation, sich solchen Gruppen anzuschlie\u00dfen, viele Parallelen\u201c, sagt Eimuth. Nach seiner Erfahrung schl\u00f6ssen sich junge Menschen solchen Gruppen an, da zum einen ihr Ego dadurch subjektiv aufgewertet werde und zum anderen sie f\u00fcr ihr derzeitiges Leben keine Perspektive s\u00e4hen. <a rel=\"noreferrer noopener\" href=\"http:\/\/evangelischesfrankfurtarchiv.de\/2014\/07\/salafismus-ist-ein-soziales-problem\/\" target=\"_blank\">Hier ein Kommentar, den Eimuth\u00a0dar\u00fcber vor kurzem schrieb.<\/a><a href=\"http:\/\/www.evangelischesfrankfurtarchiv.de\/2014\/07\/salafismus-ist-ein-soziales-problem\/\">http:\/\/www.evangelischesfrankfurtarchiv.de\/2014\/07\/salafismus-ist-ein-soziales-problem\/<\/a><\/p>\n\n\n\n<p>Kurt-Helmuth Eimuth studierte in Frankfurt Erziehungswissenschaften, Theologie und Soziologie. F\u00fcr Aufsehen sorgte vor allem seine Analyse der Situation der Kinder, die in Sekten aufwachsen. Hauptberuflich verantwortet Eimuth heute den Arbeitsbereich Kindertagesst\u00e4tten des Diakonischen Werks des Evangelischen Regionalverbandes.<\/p>\n\n\n\n<p>Der Ehrenbrief wird ihm am Donnerstag, 6. November, um 11 Uhr von Oberb\u00fcrgermeister Peter Feldmann im Frankfurter R\u00f6mer \u00fcberreicht.<\/p>\n","protected":false},"excerpt":{"rendered":"<p>Von Redaktion \u2013 29. Oktober 2014 Der Leiter der Redaktion von \u201eEvangelisches Frankfurt\u201c, Kurt-Helmuth Eimuth, erh\u00e4lt f\u00fcr sein ehrenamtliches Engagement in der Sekteninformation und Selbsthilfe Hessen (SINUS) den Ehrenbrief des Landes Hessen. Kurt-Helmuth Eimuth erh\u00e4lt den Ehrenbrief des Landes Hessen. Foto: Rolf Oeser Der ehemalige<\/p>\n","protected":false},"author":1,"featured_media":0,"comment_status":"open","ping_status":"open","sticky":false,"template":"","format":"standard","meta":{"footnotes":""},"categories":[11,68],"tags":[735,734,396],"class_list":["post-3963","post","type-post","status-publish","format-standard","hentry","category-presse","category-privat","tag-ehrenamt","tag-ehrenbrief","tag-feldmann"],"_links":{"self":[{"href":"https:\/\/eimuth.de\/index.php?rest_route=\/wp\/v2\/posts\/3963","targetHints":{"allow":["GET"]}}],"collection":[{"href":"https:\/\/eimuth.de\/index.php?rest_route=\/wp\/v2\/posts"}],"about":[{"href":"https:\/\/eimuth.de\/index.php?rest_route=\/wp\/v2\/types\/post"}],"author":[{"embeddable":true,"href":"https:\/\/eimuth.de\/index.php?rest_route=\/wp\/v2\/users\/1"}],"replies":[{"embeddable":true,"href":"https:\/\/eimuth.de\/index.php?rest_route=%2Fwp%2Fv2%2Fcomments&post=3963"}],"version-history":[{"count":2,"href":"https:\/\/eimuth.de\/index.php?rest_route=\/wp\/v2\/posts\/3963\/revisions"}],"predecessor-version":[{"id":3966,"href":"https:\/\/eimuth.de\/index.php?rest_route=\/wp\/v2\/posts\/3963\/revisions\/3966"}],"wp:attachment":[{"href":"https:\/\/eimuth.de\/index.php?rest_route=%2Fwp%2Fv2%2Fmedia&parent=3963"}],"wp:term":[{"taxonomy":"category","embeddable":true,"href":"https:\/\/eimuth.de\/index.php?rest_route=%2Fwp%2Fv2%2Fcategories&post=3963"},{"taxonomy":"post_tag","embeddable":true,"href":"https:\/\/eimuth.de\/index.php?rest_route=%2Fwp%2Fv2%2Ftags&post=3963"}],"curies":[{"name":"wp","href":"https:\/\/api.w.org\/{rel}","templated":true}]}}