{"id":3745,"date":"2015-03-27T08:50:00","date_gmt":"2015-03-27T06:50:00","guid":{"rendered":"http:\/\/eimuth.de\/?p=3745"},"modified":"2020-12-22T08:54:33","modified_gmt":"2020-12-22T06:54:33","slug":"medien-aktiv-und-kreativ-nutzen","status":"publish","type":"post","link":"https:\/\/eimuth.de\/?p=3745","title":{"rendered":"Medien aktiv und kreativ nutzen"},"content":{"rendered":"\n<p>Von <a href=\"http:\/\/www.evangelischesfrankfurtarchiv.de\/people\/redaktion\/\">Redaktion<\/a> \u2013 27. M\u00e4rz 2015<\/p>\n\n\n\n<h2 class=\"wp-block-heading\" id=\"article-headline\"><\/h2>\n\n\n\n<p>Medienkompetenz und Medienschutz standen im Mittelpunkt eines Fachtages zum Thema \u201eMedien, die geheimen Erzieher\u201c der Diakonie Frankfurt. \u201eKinder wachsen von Beginn an in eine stark durch Medien beeinflusste Umwelt hinein\u201c, sagte Kurt-Helmuth Eimuth, der Leiter des Arbeitsbereichs Kindertagesst\u00e4tten. \u201eAngesichts einer kaum noch zu \u00fcberblickenden Flut medialer Angebote sind viele Eltern verunsichert, gerade in den ersten Lebensjahren der Kinder.\u201c Welche Medien sind angemessen und wie viel Medienzeit in welchem Alter sinnvoll?<\/p>\n\n\n\n<p>Wichtig sei es dabei, selbst ein Vorbild zu sein. Das Verteufeln oder Verbieten von Medien helfe nicht. Medienkompetenz bedeute vielmehr, Medien kreativ und aktiv zu nutzen. Also nicht Stunden damit zu verbringen, beim Computerspiel das n\u00e4chsth\u00f6here Level zu erreichen, sondern zum Beispiel mittels einer speziellen App selbst Musik zu komponieren. Oder nicht einfach nur immer Filme anzuschauen, sondern auch mal selbst einen Film zu erstellen.<\/p>\n\n\n\n<p>Damit Kinder diese Art von Medienkompetenz erwerben, bed\u00fcrfe es geschulter Fachkr\u00e4fte, weshalb die Diakonie Frankfurt bereits \u00fcber zwanzig medienp\u00e4dagogische Fortbildungen in ihren Kitas durchgef\u00fchrt hat. Schlie\u00dflich hebt auch der neue Rahmenlehrplan f\u00fcr die Erzieherinnenausbildung Medienerziehung als Querschnittsaufgabe besonders heraus.<\/p>\n\n\n\n<p>Beitrag von <strong><a href=\"http:\/\/www.evangelischesfrankfurtarchiv.de\/people\/redaktion\/\">Redaktion<\/a><\/strong>, ver\u00f6ffentlicht am 27. M\u00e4rz 2015 in der Rubrik <a href=\"http:\/\/www.evangelischesfrankfurtarchiv.de\/category\/lebenslagen\/\">Lebenslagen<\/a>, erschienen in der Ausgabe <a href=\"http:\/\/www.evangelischesfrankfurtarchiv.de\/issue\/2015-2-april\/\">2015\/2 \u2013 April<\/a>.<\/p>\n","protected":false},"excerpt":{"rendered":"<p>Von Redaktion \u2013 27. M\u00e4rz 2015 Medienkompetenz und Medienschutz standen im Mittelpunkt eines Fachtages zum Thema \u201eMedien, die geheimen Erzieher\u201c der Diakonie Frankfurt. \u201eKinder wachsen von Beginn an in eine stark durch Medien beeinflusste Umwelt hinein\u201c, sagte Kurt-Helmuth Eimuth, der Leiter des Arbeitsbereichs Kindertagesst\u00e4tten. \u201eAngesichts<\/p>\n","protected":false},"author":1,"featured_media":0,"comment_status":"open","ping_status":"open","sticky":false,"template":"","format":"standard","meta":{"footnotes":""},"categories":[11],"tags":[58,702,46,701],"class_list":["post-3745","post","type-post","status-publish","format-standard","hentry","category-presse","tag-kinder","tag-kindertagesstaetten","tag-medien","tag-medienkompetenz"],"_links":{"self":[{"href":"https:\/\/eimuth.de\/index.php?rest_route=\/wp\/v2\/posts\/3745","targetHints":{"allow":["GET"]}}],"collection":[{"href":"https:\/\/eimuth.de\/index.php?rest_route=\/wp\/v2\/posts"}],"about":[{"href":"https:\/\/eimuth.de\/index.php?rest_route=\/wp\/v2\/types\/post"}],"author":[{"embeddable":true,"href":"https:\/\/eimuth.de\/index.php?rest_route=\/wp\/v2\/users\/1"}],"replies":[{"embeddable":true,"href":"https:\/\/eimuth.de\/index.php?rest_route=%2Fwp%2Fv2%2Fcomments&post=3745"}],"version-history":[{"count":1,"href":"https:\/\/eimuth.de\/index.php?rest_route=\/wp\/v2\/posts\/3745\/revisions"}],"predecessor-version":[{"id":3746,"href":"https:\/\/eimuth.de\/index.php?rest_route=\/wp\/v2\/posts\/3745\/revisions\/3746"}],"wp:attachment":[{"href":"https:\/\/eimuth.de\/index.php?rest_route=%2Fwp%2Fv2%2Fmedia&parent=3745"}],"wp:term":[{"taxonomy":"category","embeddable":true,"href":"https:\/\/eimuth.de\/index.php?rest_route=%2Fwp%2Fv2%2Fcategories&post=3745"},{"taxonomy":"post_tag","embeddable":true,"href":"https:\/\/eimuth.de\/index.php?rest_route=%2Fwp%2Fv2%2Ftags&post=3745"}],"curies":[{"name":"wp","href":"https:\/\/api.w.org\/{rel}","templated":true}]}}