{"id":3724,"date":"2015-11-29T08:09:00","date_gmt":"2015-11-29T06:09:00","guid":{"rendered":"http:\/\/eimuth.de\/?p=3724"},"modified":"2020-12-22T08:12:47","modified_gmt":"2020-12-22T06:12:47","slug":"fuerchtet-euch-nicht","status":"publish","type":"post","link":"https:\/\/eimuth.de\/?p=3724","title":{"rendered":"F\u00fcrchtet Euch nicht!"},"content":{"rendered":"\n<p>Von <a href=\"http:\/\/www.evangelischesfrankfurtarchiv.de\/people\/kurt-helmuth-eimuth\/\">Kurt-Helmuth Eimuth<\/a> \u2013 29. November 2015<\/p>\n\n\n\n<h2 class=\"wp-block-heading\" id=\"article-headline\"><a href=\"http:\/\/evangelischesfrankfurtarchiv.de\/wp-content\/uploads\/2014\/11\/2014-Eimuth.jpg\"><\/a><\/h2>\n\n\n\n<figure class=\"wp-block-image size-large\"><a href=\"https:\/\/eimuth.de\/wp-content\/uploads\/2020\/12\/2014-Eimuth-320x480-1.jpg\"><img loading=\"lazy\" decoding=\"async\" width=\"320\" height=\"480\" src=\"https:\/\/eimuth.de\/wp-content\/uploads\/2020\/12\/2014-Eimuth-320x480-1.jpg\" alt=\"\" class=\"wp-image-3725\" srcset=\"https:\/\/eimuth.de\/wp-content\/uploads\/2020\/12\/2014-Eimuth-320x480-1.jpg 320w, https:\/\/eimuth.de\/wp-content\/uploads\/2020\/12\/2014-Eimuth-320x480-1-200x300.jpg 200w\" sizes=\"auto, (max-width: 320px) 100vw, 320px\" \/><\/a><\/figure>\n\n\n\n<p>Kurt-Helmuth Eimuth ist Leiter der Redaktion von \u201eEvangelisches Frankfurt\u201c. Foto: Ilona Surrey<\/p>\n\n\n\n<p>Nach den Terroranschl\u00e4gen von Paris kommt einem die Botschaft des Engels \u201eF\u00fcrchtet Euch nicht\u201c besonders fremd vor. Schlie\u00dflich ist vielen jetzt etwas mulmig. Nein, Angst ist es nicht. Aber die Gefahr ist in diesem Jahr deutlich n\u00e4her ger\u00fcckt. Beirut, Bagdad, Ankara sind gef\u00fchlt weit weg. Doch Hannover? Ein Fu\u00dfballl\u00e4nderspiel wird abgesagt. Terrorgefahr. Wenig beruhigend die Botschaft der politisch Verantwortlichen: Die Lage sei ernst, sagen sie, und stellen richtigerweise fest, dass es keine hundertprozentige Sicherheit gibt. Kann da eine adventliche Stimmung aufkommen?<\/p>\n\n\n\n<p>Ja, es gibt Gruppen, die sich auf den Islam, das Christentum, den Hinduismus und sogar auf den Buddhismus berufen, wenn sie zur Gewalt aufrufen, wenn sie pl\u00fcndern und morden. Es war der Frankfurter Psychologe Erich Fromm, der zwischen humanistischer und autorit\u00e4rer Religion unterschieden hat. Autorit\u00e4re Religion sei gekennzeichnet durch die Vorstellung, dass eine h\u00f6here Macht Anspruch auf Verehrung und Anbetung hat, und auch auf den Gehorsam der Menschen. Wesentliches Element autorit\u00e4rer Religion ist nach Fromm die Unterwerfung unter eine jenseitige Macht, die allerdings meistens von einem irdischen F\u00fchrer direkt ausge\u00fcbt werden kann. Bei der humanistischen Religion hingegen besteht das religi\u00f6se Erlebnis \u201ein der Empfindung des Einsseins mit dem All, gegr\u00fcndet auf die Beziehung zur Welt\u201c, schreibt Fromm. Selbstverwirklichung, nicht Unterwerfung will der Mensch in dieser Art von Religion erreichen. \u201eDie vorwiegende Stimmung ist Freude, w\u00e4hrend sie in autorit\u00e4ren Religionen in Kummer und Schuldgef\u00fchl besteht.\u201c Jede Religion kann auf die eine oder auf die andere Weise gebogen werden.<\/p>\n\n\n\n<p>\u201eF\u00fcrchtet Euch nicht, denn Euch ist heute der Heiland geboren.\u201c Das ist die christliche Weihnachtsbotschaft. Sie verlangt gerade angesichts von Gewalt und Terror eine Gesellschaft der Offenheit, der Toleranz und auch der offenen Grenzen. Denn die Zusage, dass der Erl\u00f6ser der Welt geboren ist, richtet sich an alle Menschen, gleich welcher Nation, gleich welcher Religion sie angeh\u00f6ren.<\/p>\n\n\n\n<p>Vielleicht haben wir jetzt beim ein oder anderen Stadion- oder Weihnachtsmarktbesuch ein mulmiges Gef\u00fchl. Aber die Weihnachtbotschaft gilt. Irregeleitete Menschen, die Religion zur Legitimierung ihrer Gewalt missbrauchen, k\u00f6nnen daran nichts \u00e4ndern.<\/p>\n\n\n\n<p>Im Namen der Redaktion w\u00fcnsche ich uns allen eine friedliche Advents- und Weihnachtsfest.<\/p>\n\n\n\n<p>Beitrag von <strong><a href=\"http:\/\/www.evangelischesfrankfurtarchiv.de\/people\/kurt-helmuth-eimuth\/\">Kurt-Helmuth Eimuth<\/a><\/strong>, ver\u00f6ffentlicht am 29. November 2015 in der Rubrik <a href=\"http:\/\/www.evangelischesfrankfurtarchiv.de\/category\/meinungen\/\">Meinungen<\/a>, erschienen in der Ausgabe <a href=\"http:\/\/www.evangelischesfrankfurtarchiv.de\/issue\/2015-7-dezember\/\">2015\/7 &#8211; Dezember<\/a>.<\/p>\n","protected":false},"excerpt":{"rendered":"<p>Von Kurt-Helmuth Eimuth \u2013 29. November 2015 Kurt-Helmuth Eimuth ist Leiter der Redaktion von \u201eEvangelisches Frankfurt\u201c. Foto: Ilona Surrey Nach den Terroranschl\u00e4gen von Paris kommt einem die Botschaft des Engels \u201eF\u00fcrchtet Euch nicht\u201c besonders fremd vor. Schlie\u00dflich ist vielen jetzt etwas mulmig. Nein, Angst ist<\/p>\n","protected":false},"author":1,"featured_media":0,"comment_status":"open","ping_status":"open","sticky":false,"template":"","format":"standard","meta":{"footnotes":""},"categories":[6],"tags":[687,686,688,65],"class_list":["post-3724","post","type-post","status-publish","format-standard","hentry","category-kommentar","tag-autoritaere-religion","tag-erich-fromm","tag-religion-und-gewalt","tag-terror"],"_links":{"self":[{"href":"https:\/\/eimuth.de\/index.php?rest_route=\/wp\/v2\/posts\/3724","targetHints":{"allow":["GET"]}}],"collection":[{"href":"https:\/\/eimuth.de\/index.php?rest_route=\/wp\/v2\/posts"}],"about":[{"href":"https:\/\/eimuth.de\/index.php?rest_route=\/wp\/v2\/types\/post"}],"author":[{"embeddable":true,"href":"https:\/\/eimuth.de\/index.php?rest_route=\/wp\/v2\/users\/1"}],"replies":[{"embeddable":true,"href":"https:\/\/eimuth.de\/index.php?rest_route=%2Fwp%2Fv2%2Fcomments&post=3724"}],"version-history":[{"count":1,"href":"https:\/\/eimuth.de\/index.php?rest_route=\/wp\/v2\/posts\/3724\/revisions"}],"predecessor-version":[{"id":3726,"href":"https:\/\/eimuth.de\/index.php?rest_route=\/wp\/v2\/posts\/3724\/revisions\/3726"}],"wp:attachment":[{"href":"https:\/\/eimuth.de\/index.php?rest_route=%2Fwp%2Fv2%2Fmedia&parent=3724"}],"wp:term":[{"taxonomy":"category","embeddable":true,"href":"https:\/\/eimuth.de\/index.php?rest_route=%2Fwp%2Fv2%2Fcategories&post=3724"},{"taxonomy":"post_tag","embeddable":true,"href":"https:\/\/eimuth.de\/index.php?rest_route=%2Fwp%2Fv2%2Ftags&post=3724"}],"curies":[{"name":"wp","href":"https:\/\/api.w.org\/{rel}","templated":true}]}}