{"id":3543,"date":"2019-07-19T09:19:00","date_gmt":"2019-07-19T07:19:00","guid":{"rendered":"http:\/\/eimuth.de\/?p=3543"},"modified":"2020-12-10T09:22:45","modified_gmt":"2020-12-10T07:22:45","slug":"christliche-angstprediger-spalten-die-kirche","status":"publish","type":"post","link":"https:\/\/eimuth.de\/?p=3543","title":{"rendered":"Christliche Angstprediger spalten die Kirche"},"content":{"rendered":"\n<p>von <a href=\"https:\/\/www.efo-magazin.de\/magazin\/autoren\/kurt-helmuth-eimuth\/\">Kurt-Helmuth Eimuth<\/a> 30. Juli 2019<\/p>\n\n\n\n<p><strong>Auch in Deutschland hat sich inzwischen ein vernetztes, rechts-christliches Milieu herausgebildet, das den Kirchen zu denken geben muss. Liane Bednarz hat die inhaltlichen und organisatorischen Verflechtungen der rechten Christen und Christinnen detailliert herausgearbeitet.<\/strong><\/p>\n\n\n\n<figure class=\"wp-block-image\"><img decoding=\"async\" src=\"https:\/\/www.efo-magazin.de\/media\/images\/1907_angstprediger_978-3-426-27762-1_Druck_moc.width-900.jpg\" alt=\"Liane Bednarz: Die Angstprediger. Wie rechte Christen Gesellschaft und Kirchen unterwandern, 256 Seiten. Droemer. Erh\u00e4ltlich jetzt auch bei der Bundeszentrale f\u00fcr politische Bildung , 4,50 Euro.\"\/><figcaption>Liane Bednarz: Die Angstprediger. Wie rechte Christen Gesellschaft und Kirchen unterwandern, 256 Seiten. Droemer. Erh\u00e4ltlich jetzt auch bei der Bundeszentrale f\u00fcr politische Bildung , 4,50 Euro.<\/figcaption><\/figure>\n\n\n\n<p>Es ist ein Vorgang, der alle Christinnen und Christen, aber besonders die Kirche als Institution in Alarm versetzen m\u00fcsste: \u201eWie rechte Christen Gesellschaft und Kirchen unterwandern\u201c beschreibt Liane Bednarz in ihrem Buch \u00fcber \u201eDie Angstprediger\u201c. Die inhaltlichen und organisatorischen Verflechtungen dieser Netzwerke k\u00f6nnen der Kirche nicht gleichg\u00fcltig sein. Es ist zu w\u00fcnschen, dass innerhalb und au\u00dferhalb der Kirche die Sensibilit\u00e4t f\u00fcr das Erstarken der rechten Christen w\u00e4chst. Auch der Bundeszentrale f\u00fcr politische Bildung war die Thematik so wichtig, dass sie das Buch jetzt in ihr Programm aufgenommen hat und f\u00fcr nur 4,50 Euro vertreibt.<\/p>\n\n\n\n<p>Im Vorwort schreibt die Autorin, dass es in beiden christlichen Konfessionen zu einer regelrechten Spaltung gekommen sei. Auf der einen Seite die Konservativen, die katholischerseits den Z\u00f6libat bef\u00fcrworten und die Frauenordination ebenso wie Kritik an der Kirchenhierarchie ablehnen, sowie die so genannten \u201ebibeltreuen\u201c Protestanten, die sich regional im im \u201eBibelg\u00fcrtel\u201c rund um Dresden, in schw\u00e4bischen Gebieten Bayerns, in Wuppertal sowie im Siegerland und Nordhessen konzentrieren. Auch das hessische Hinterland rund um Biedenkopf ist weltanschaulich vom Siegerland gepr\u00e4gt, auch dort sind die geschilderten gesellschaftlichen Ver\u00e4nderungen in den D\u00f6rfern offensichtlich.<\/p>\n\n\n\n<p>Wie unter einem Brennglas lasse sich hier etwas verfolgen, das auch gesamtgesellschaftlich zu beobachten ist: Aus ehemals harmlosen Konservativen werden Menschen, die schrittweise rechte Positionen \u00fcbernehmen und sich nicht selten nach und nach immer weiter radikalisieren. Als Feindbilder halten die Themenkomplexe \u201eGenderwahn\u201c und Homosexualit\u00e4t, \u201eIslamisierung des Abendlandes\u201c und \u201eGEZ-Medien\u201c herhalten. \u00dcberstrahlt wird alles von dem \u201etypisch neurechten\u201c Zerrbild der \u201e\u00dcberfremdung\u201c.<\/p>\n\n\n\n<p>Detailliert zeichnet die Autorin die Argumentationslinien der rechten Christen und Christinnen sowie ihre Verbindung zur AfD auf. So wird etwa in der evangelikalen Publikation \u201eidea Spektrum\u201c in der Kontroverse um die Ehe f\u00fcr alle der EKD vorgeworfen, dort herrsche \u201edie Diktatur des Zeitgeistes und nicht die Leitung durch den Heiligen Geist\u201c.<\/p>\n\n\n\n<p>Die Integration konservativer Christen und Christinnen sieht die Autorin als vielleicht gr\u00f6\u00dfte Herausforderung f\u00fcr die evangelische Kirche. \u201eJe mehr man konservative Stimmen in den evangelischen Gliedkirchen marginalisiert, umso mehr treibt man sie de facto in die Radikalisierung hinein und macht sie anf\u00e4llig f\u00fcr rechtschristliche Kreise\u201c, schreibt sie. Die Unterscheidung der Geister, die klare Trennung zwischen konservativ und rechts, wird, so Bednarz \u201eeine ebenso gro\u00dfe Aufgabe f\u00fcr die Kirchen sein wie die Integration Konservativer\u201c. Die Kirchen seien gefordert, streng fromme konservative Positionen auszuhalten und gleichzeitig dort eine Grenze zu ziehen, wo ein Menschenbild vermittelt wird, das mit dem Evangelium nicht mehr kompatibel sei.<\/p>\n\n\n\n<p>Zur Vorbereitung zum Diskurs mit Menschen, die konservative Positionen vertreten ist dieses Buch eine gro\u00dfe Hilfe. Und f\u00fcr alle, die Verantwortung in der Kirche tragen, hilft die Analyse, zu sehen, dass sich im Nebel eines konservativen Christentums l\u00e4ngst auch in Deutschland ein gef\u00e4hrliches, vernetztes, rechts-christliches Milieu gebildet hat.<\/p>\n","protected":false},"excerpt":{"rendered":"<p>von Kurt-Helmuth Eimuth 30. Juli 2019 Auch in Deutschland hat sich inzwischen ein vernetztes, rechts-christliches Milieu herausgebildet, das den Kirchen zu denken geben muss. Liane Bednarz hat die inhaltlichen und organisatorischen Verflechtungen der rechten Christen und Christinnen detailliert herausgearbeitet. Es ist ein Vorgang, der alle<\/p>\n","protected":false},"author":1,"featured_media":0,"comment_status":"open","ping_status":"open","sticky":false,"template":"","format":"standard","meta":{"footnotes":""},"categories":[17],"tags":[507,158,38],"class_list":["post-3543","post","type-post","status-publish","format-standard","hentry","category-buchbesprechungen","tag-bednarz","tag-fundamentalismus","tag-kirche"],"_links":{"self":[{"href":"https:\/\/eimuth.de\/index.php?rest_route=\/wp\/v2\/posts\/3543","targetHints":{"allow":["GET"]}}],"collection":[{"href":"https:\/\/eimuth.de\/index.php?rest_route=\/wp\/v2\/posts"}],"about":[{"href":"https:\/\/eimuth.de\/index.php?rest_route=\/wp\/v2\/types\/post"}],"author":[{"embeddable":true,"href":"https:\/\/eimuth.de\/index.php?rest_route=\/wp\/v2\/users\/1"}],"replies":[{"embeddable":true,"href":"https:\/\/eimuth.de\/index.php?rest_route=%2Fwp%2Fv2%2Fcomments&post=3543"}],"version-history":[{"count":1,"href":"https:\/\/eimuth.de\/index.php?rest_route=\/wp\/v2\/posts\/3543\/revisions"}],"predecessor-version":[{"id":3544,"href":"https:\/\/eimuth.de\/index.php?rest_route=\/wp\/v2\/posts\/3543\/revisions\/3544"}],"wp:attachment":[{"href":"https:\/\/eimuth.de\/index.php?rest_route=%2Fwp%2Fv2%2Fmedia&parent=3543"}],"wp:term":[{"taxonomy":"category","embeddable":true,"href":"https:\/\/eimuth.de\/index.php?rest_route=%2Fwp%2Fv2%2Fcategories&post=3543"},{"taxonomy":"post_tag","embeddable":true,"href":"https:\/\/eimuth.de\/index.php?rest_route=%2Fwp%2Fv2%2Ftags&post=3543"}],"curies":[{"name":"wp","href":"https:\/\/api.w.org\/{rel}","templated":true}]}}