{"id":3430,"date":"2020-11-19T01:27:00","date_gmt":"2020-11-18T23:27:00","guid":{"rendered":"http:\/\/eimuth.de\/?p=3430"},"modified":"2020-12-10T01:31:04","modified_gmt":"2020-12-09T23:31:04","slug":"das-virus-die-demokratie-und-die-frage-mit-wem-man-diskutieren-soll","status":"publish","type":"post","link":"https:\/\/eimuth.de\/?p=3430","title":{"rendered":"Das Virus, die Demokratie und die Frage, mit wem man diskutieren soll"},"content":{"rendered":"\n<figure class=\"wp-block-image size-large\"><a href=\"https:\/\/eimuth.de\/wp-content\/uploads\/2020\/12\/Kommentar-KHE_Coronavirus.width-900.jpg\"><img loading=\"lazy\" decoding=\"async\" width=\"900\" height=\"500\" src=\"https:\/\/eimuth.de\/wp-content\/uploads\/2020\/12\/Kommentar-KHE_Coronavirus.width-900.jpg\" alt=\"\" class=\"wp-image-3431\" srcset=\"https:\/\/eimuth.de\/wp-content\/uploads\/2020\/12\/Kommentar-KHE_Coronavirus.width-900.jpg 900w, https:\/\/eimuth.de\/wp-content\/uploads\/2020\/12\/Kommentar-KHE_Coronavirus.width-900-300x167.jpg 300w, https:\/\/eimuth.de\/wp-content\/uploads\/2020\/12\/Kommentar-KHE_Coronavirus.width-900-768x427.jpg 768w\" sizes=\"auto, (max-width: 900px) 100vw, 900px\" \/><\/a><figcaption>Kurt-Helmuth Eimuth ist Mitglied in der Redaktion des EFO-Magazins<\/figcaption><\/figure>\n\n\n\n<p><strong>Bei den Protesten gegen die Corona-Ma\u00dfnahmen der Regierung sind sektenartige Ideologien und Verschw\u00f6rungsmythen genauso zu finden wie Menschen mit nachvollziehbaren \u00c4ngsten und Fragen. Eine demokratische Kultur muss beides voneinander unterscheiden.<\/strong><\/p>\n\n\n\n<p>ie demonstrieren. Sie nennen sich Querdenker, was soviel hei\u00dfen soll, wie gegen den Strich, den Mainstream, denken. Querdenken ist gut, eine Demokratie braucht das.<\/p>\n\n\n\n<p>Allerdings laufen bei diesen Demonstrationen auch zahlreiche Anh\u00e4nger:innen von kruden Organisationen von Reichsb\u00fcrgern \u00fcber Impfgegnerinnen und Qanon-Verschw\u00f6rungsmythiker mit. Mit solchen versekteten Gruppen ist kein Dialog m\u00f6glich. Sie radikalisieren sich zunehmend, und ein kleiner Kern ist sicher auch gewaltbereit.<\/p>\n\n\n\n<p>Aber was ist mit jenen, die aus \u00c4rger oder existentieller Betroffenheit die Ma\u00dfnahmen nicht verstehen? Die sich fragen, warum der Fris\u00f6r \u00f6ffnen darf und das Nagelstudio nicht? Die Zweifel haben, ob es eine Ansteckungsgefahr in der Gastronomie gibt, wenn die Hygienema\u00dfnahmen eingehalten werden?<\/p>\n\n\n\n<p>Hier hilft nur Zuh\u00f6ren, Argumente austauschen und immer wieder Erkl\u00e4ren: dass es um Kontaktvermeidung geht, und dass f\u00fcr die Menschen vielleicht ein Fris\u00f6r wichtiger ist als ein Nagelstudio.<\/p>\n\n\n\n<p>Die gro\u00dfe gesellschaftliche Herausforderung dieser Pandemie braucht die Solidarit\u00e4t aller. Und gerade weil wir unterschiedlich betroffen sind, m\u00fcssen wir im Gespr\u00e4ch bleiben, m\u00fcssen diskutieren und die einzelnen Argumente ernst nehmen.<\/p>\n\n\n\n<p>Das Virus bedroht unser Leben. Fehlende Diskussionskultur bedroht unsere Demokratie. Wir m\u00fcssen gegen beides wachsam sein.<\/p>\n","protected":false},"excerpt":{"rendered":"<p>Bei den Protesten gegen die Corona-Ma\u00dfnahmen der Regierung sind sektenartige Ideologien und Verschw\u00f6rungsmythen genauso zu finden wie Menschen mit nachvollziehbaren \u00c4ngsten und Fragen. Eine demokratische Kultur muss beides voneinander unterscheiden. ie demonstrieren. Sie nennen sich Querdenker, was soviel hei\u00dfen soll, wie gegen den Strich, den<\/p>\n","protected":false},"author":1,"featured_media":0,"comment_status":"open","ping_status":"open","sticky":false,"template":"","format":"standard","meta":{"footnotes":""},"categories":[1],"tags":[440,439,438,437],"class_list":["post-3430","post","type-post","status-publish","format-standard","hentry","category-allgemein","tag-corona","tag-impfen","tag-querdenker","tag-verschoerung"],"_links":{"self":[{"href":"https:\/\/eimuth.de\/index.php?rest_route=\/wp\/v2\/posts\/3430","targetHints":{"allow":["GET"]}}],"collection":[{"href":"https:\/\/eimuth.de\/index.php?rest_route=\/wp\/v2\/posts"}],"about":[{"href":"https:\/\/eimuth.de\/index.php?rest_route=\/wp\/v2\/types\/post"}],"author":[{"embeddable":true,"href":"https:\/\/eimuth.de\/index.php?rest_route=\/wp\/v2\/users\/1"}],"replies":[{"embeddable":true,"href":"https:\/\/eimuth.de\/index.php?rest_route=%2Fwp%2Fv2%2Fcomments&post=3430"}],"version-history":[{"count":1,"href":"https:\/\/eimuth.de\/index.php?rest_route=\/wp\/v2\/posts\/3430\/revisions"}],"predecessor-version":[{"id":3432,"href":"https:\/\/eimuth.de\/index.php?rest_route=\/wp\/v2\/posts\/3430\/revisions\/3432"}],"wp:attachment":[{"href":"https:\/\/eimuth.de\/index.php?rest_route=%2Fwp%2Fv2%2Fmedia&parent=3430"}],"wp:term":[{"taxonomy":"category","embeddable":true,"href":"https:\/\/eimuth.de\/index.php?rest_route=%2Fwp%2Fv2%2Fcategories&post=3430"},{"taxonomy":"post_tag","embeddable":true,"href":"https:\/\/eimuth.de\/index.php?rest_route=%2Fwp%2Fv2%2Ftags&post=3430"}],"curies":[{"name":"wp","href":"https:\/\/api.w.org\/{rel}","templated":true}]}}