{"id":3320,"date":"2018-06-20T23:46:03","date_gmt":"2018-06-20T21:46:03","guid":{"rendered":"http:\/\/eimuth.de\/?p=3320"},"modified":"2020-12-28T00:20:53","modified_gmt":"2020-12-27T22:20:53","slug":"info-gespraech-im-landtag","status":"publish","type":"post","link":"https:\/\/eimuth.de\/?p=3320","title":{"rendered":"Info-Gespr\u00e4ch im Landtag"},"content":{"rendered":"<div id=\"attachment_3311\" style=\"width: 698px\" class=\"wp-caption alignnone\"><a href=\"https:\/\/eimuth.de\/wp-content\/uploads\/2018\/06\/IMG_20180620_133822.jpg\"><img loading=\"lazy\" decoding=\"async\" aria-describedby=\"caption-attachment-3311\" class=\"size-large wp-image-3311\" src=\"https:\/\/eimuth.de\/wp-content\/uploads\/2018\/06\/IMG_20180620_133822-1024x768.jpg\" alt=\"\" width=\"688\" height=\"516\" srcset=\"https:\/\/eimuth.de\/wp-content\/uploads\/2018\/06\/IMG_20180620_133822-1024x768.jpg 1024w, https:\/\/eimuth.de\/wp-content\/uploads\/2018\/06\/IMG_20180620_133822-300x225.jpg 300w, https:\/\/eimuth.de\/wp-content\/uploads\/2018\/06\/IMG_20180620_133822-768x576.jpg 768w\" sizes=\"auto, (max-width: 688px) 100vw, 688px\" \/><\/a><p id=\"caption-attachment-3311\" class=\"wp-caption-text\">Marion Eimuth vor dem Hessischen Landtag<\/p><\/div>\n<p>Auf Einladung des Abgeordneten Michael Siebel (SPD) konnten wir heute (20.6.2018) ein Fachgespr\u00e4ch zu den Regelungen im Pflege-Dschungel mit der gesundheitspolitischen Sprecherin der Fraktion Daniela Sommer f\u00fchren. Beide waren kompetente Gespr\u00e4chspartner und -partnerin. Sommer hatte gut zwei Jahre f\u00fcr eine niedrigschwellige Verordnung zum Entlastungsbetrag gek\u00e4mpft.<br \/>\nWir konnten noch die Idee einer Erweiterung der Pflegeprofession einbringen. Warum nicht Menschen mit einfacher Pflegegrundschulung als Selbstst\u00e4ndige in der Pflege arbeiten lassen? Wem das zu abstrus vorkommt, schaue auf die Organisation der Kinderbetreuung. Die Kindertagespflege erg\u00e4nzt nach dem Gesetz gleichwertig die Kinderbetreuung in den Kitas. Auch hier arbeiten Menschen mit einer 165-st\u00fcndigen Grundausbildung. warum diese Modell nicht auf die Pflege \u00fcbertragen? Es lohnt sich hier weiterzudenken. Ich hoffe, es war eine Initialz\u00fcndung.<br \/>\nKurt-Helmuth Eimuth<\/p>\n","protected":false},"excerpt":{"rendered":"<p>Auf Einladung des Abgeordneten Michael Siebel (SPD) konnten wir heute (20.6.2018) ein Fachgespr\u00e4ch zu den Regelungen im Pflege-Dschungel mit der gesundheitspolitischen Sprecherin der Fraktion Daniela Sommer f\u00fchren. Beide waren kompetente Gespr\u00e4chspartner und -partnerin. Sommer hatte gut zwei Jahre f\u00fcr eine niedrigschwellige Verordnung zum Entlastungsbetrag gek\u00e4mpft.<\/p>\n","protected":false},"author":1,"featured_media":0,"comment_status":"open","ping_status":"open","sticky":false,"template":"","format":"standard","meta":{"footnotes":""},"categories":[419,68],"tags":[592,49],"class_list":["post-3320","post","type-post","status-publish","format-standard","hentry","category-pflege","category-privat","tag-landtag","tag-pflege"],"_links":{"self":[{"href":"https:\/\/eimuth.de\/index.php?rest_route=\/wp\/v2\/posts\/3320","targetHints":{"allow":["GET"]}}],"collection":[{"href":"https:\/\/eimuth.de\/index.php?rest_route=\/wp\/v2\/posts"}],"about":[{"href":"https:\/\/eimuth.de\/index.php?rest_route=\/wp\/v2\/types\/post"}],"author":[{"embeddable":true,"href":"https:\/\/eimuth.de\/index.php?rest_route=\/wp\/v2\/users\/1"}],"replies":[{"embeddable":true,"href":"https:\/\/eimuth.de\/index.php?rest_route=%2Fwp%2Fv2%2Fcomments&post=3320"}],"version-history":[{"count":5,"href":"https:\/\/eimuth.de\/index.php?rest_route=\/wp\/v2\/posts\/3320\/revisions"}],"predecessor-version":[{"id":3777,"href":"https:\/\/eimuth.de\/index.php?rest_route=\/wp\/v2\/posts\/3320\/revisions\/3777"}],"wp:attachment":[{"href":"https:\/\/eimuth.de\/index.php?rest_route=%2Fwp%2Fv2%2Fmedia&parent=3320"}],"wp:term":[{"taxonomy":"category","embeddable":true,"href":"https:\/\/eimuth.de\/index.php?rest_route=%2Fwp%2Fv2%2Fcategories&post=3320"},{"taxonomy":"post_tag","embeddable":true,"href":"https:\/\/eimuth.de\/index.php?rest_route=%2Fwp%2Fv2%2Ftags&post=3320"}],"curies":[{"name":"wp","href":"https:\/\/api.w.org\/{rel}","templated":true}]}}