{"id":3272,"date":"2018-01-21T18:19:41","date_gmt":"2018-01-21T16:19:41","guid":{"rendered":"http:\/\/eimuth.de\/?p=3272"},"modified":"2020-12-12T01:24:12","modified_gmt":"2020-12-11T23:24:12","slug":"die-schule-hat-zu-ihnen-gepasst","status":"publish","type":"post","link":"https:\/\/eimuth.de\/?p=3272","title":{"rendered":"Die Schule hat zu Ihnen gepasst"},"content":{"rendered":"<h2 class=\"western\" align=\"justify\"><span style=\"font-family: Arial, serif;\"><b>W\u00fcrdigung von Marion Eimuth<\/b><\/span><span style=\"font-family: Arial, serif;\"> durch Schulamtsdirektor Jan Sch\u00e4fer<\/span><\/h2>\n<p><span style=\"font-family: Arial, serif;\"><span style=\"font-size: small;\">Liebe Marion Eimuth,<\/span><\/span><\/p>\n<p><span style=\"font-family: Arial, serif;\"><span style=\"font-size: small;\">in diesem Gottesdienst verschieden wir Sie aus Ihrem aktiven Dienst als Pfarrerin in den Ruhestand. <\/span><\/span><\/p>\n<p><span style=\"font-family: Arial, serif;\"><span style=\"font-size: small;\">Vor einigen Wochen haben wir uns getroffen, um diesen Gottesdienst zusammen vorzubereiten. Ich bin dankbar f\u00fcr unsere Begegnung. Zusammen mit ihrem Mann und Pfarrer Thorsten Peters haben wir auf ihren Berufsweg zur\u00fcckgeblickt. <\/span><\/span><\/p>\n<div id=\"attachment_3271\" style=\"width: 570px\" class=\"wp-caption alignleft\"><a href=\"https:\/\/eimuth.de\/wp-content\/uploads\/2018\/03\/Jan-Sch\u00e4fer-Freigestellt.jpg\"><img loading=\"lazy\" decoding=\"async\" aria-describedby=\"caption-attachment-3271\" class=\"wp-image-3271 size-large\" src=\"https:\/\/eimuth.de\/wp-content\/uploads\/2018\/03\/Jan-Sch\u00e4fer-Freigestellt-845x1024.jpg\" alt=\"\" width=\"560\" height=\"679\" srcset=\"https:\/\/eimuth.de\/wp-content\/uploads\/2018\/03\/Jan-Sch\u00e4fer-Freigestellt-845x1024.jpg 845w, https:\/\/eimuth.de\/wp-content\/uploads\/2018\/03\/Jan-Sch\u00e4fer-Freigestellt-247x300.jpg 247w, https:\/\/eimuth.de\/wp-content\/uploads\/2018\/03\/Jan-Sch\u00e4fer-Freigestellt-768x931.jpg 768w, https:\/\/eimuth.de\/wp-content\/uploads\/2018\/03\/Jan-Sch\u00e4fer-Freigestellt-560x679.jpg 560w, https:\/\/eimuth.de\/wp-content\/uploads\/2018\/03\/Jan-Sch\u00e4fer-Freigestellt-260x315.jpg 260w, https:\/\/eimuth.de\/wp-content\/uploads\/2018\/03\/Jan-Sch\u00e4fer-Freigestellt-160x194.jpg 160w, https:\/\/eimuth.de\/wp-content\/uploads\/2018\/03\/Jan-Sch\u00e4fer-Freigestellt.jpg 1931w\" sizes=\"auto, (max-width: 560px) 100vw, 560px\" \/><\/a><p id=\"caption-attachment-3271\" class=\"wp-caption-text\"><strong>Schulamtsdirektor i.K. Pfarrer Jan Sch\u00e4fer in der Gethsemanekirche bei der Entpflichttung von Marion Eimuth<\/strong><\/p><\/div>\n<p><span style=\"font-family: Arial, serif;\"><span style=\"font-size: small;\">Wir <\/span><\/span><\/p>\n<p><span style=\"font-family: Arial, serif;\"><span style=\"font-size: small;\">haben einige Male miteinander Tr\u00e4nen vergossen. Weil es eben ganz besondere Umst\u00e4nde sind. Das wissen alle. Und, dass Sie sich diesen \u00dcbergang sicher ganz anders gew\u00fcnscht h\u00e4tten. Aber, wir haben auch zusammen gelacht. Beides liegt eng zusammen: Das betr\u00fcbt sein und die Dankbarkeit und die Freude.<\/span><\/span><\/p>\n<p><span style=\"font-family: Arial, serif;\"><span style=\"font-size: small;\">Dass wir hier in der Gethsemanekirche sind, ist stimmig. Seit Jahrzehnten ist das Ihre Heimatgemeinde. Hier waren Sie lange Jahre Kirchenvorsteherin und Mitglied im Chor. Hier im Stadtteil leben Sie seit vielen Jahren.<\/span><\/span><\/p>\n<p><span style=\"font-family: Arial, serif;\"><span style=\"font-size: small;\">Ihr beruflicher Weg als Pfarrerin war ganz sicher kein typischer Weg in das Pfarramt. Aber ein interessanter und spannender Weg, der Ihrer Pers\u00f6nlichkeit sehr entspricht.<\/span><\/span><\/p>\n<p><span style=\"font-family: Arial, serif;\"><span style=\"font-size: small;\">Bei unserem Gespr\u00e4ch bei Ihnen zu Hause habe ich durch Sie und durch Ihren Mann vieles von Ihnen neu erfahren. Obwohl wir im Schuldienst ja einige Jahre Kollegen waren.<\/span><\/span><\/p>\n<p><span style=\"font-family: Arial, serif;\"><span style=\"font-size: small;\">Sie stammen aus dem <\/span><\/span><span style=\"font-family: Arial, serif;\"><span style=\"font-size: small;\"><i>Hessischen Hinterland<\/i><\/span><\/span><span style=\"font-family: Arial, serif;\"><span style=\"font-size: small;\">. Ganz genau aus dem Ort Steinperf in der N\u00e4he von Biedenkopf. Das haben Sie mit Pfarrer Peters gemeinsam. Aus eigener Erfahrung wei\u00df ich, dass die Menschen dort eher fromm und gottesf\u00fcrchtig sind.<\/span><\/span><\/p>\n<p><span style=\"font-family: Arial, serif;\"><span style=\"font-size: small;\">Sie haben die Handelsschule besucht und dann zun\u00e4chst etwas Richtiges gelernt. N\u00e4mlich den Beruf der Buchhalterin und in diesem Beruf dann noch ein Jahr gearbeitet.<\/span><\/span><\/p>\n<p><span style=\"font-family: Arial, serif;\"><span style=\"font-size: small;\">Mit 18 Jahren sind sie von Steinperf weggegangen, nach Darmstadt. Sie sind in eine Frauen-WG gezogen und haben an der Evangelischen Fachhochschule das Studium der Gemeindep\u00e4dagogik begonnen.<\/span><\/span><\/p>\n<p><span style=\"font-family: Arial, serif;\"><span style=\"font-size: small;\">Ihr Anerkennungsjahr haben Sie im Frankfurter Stadtjugendpfarramt geleistet \u2013 1976\/77, da waren Sie 22 Jahre alt. Das war \u2013 vor allem der Ort \u201eStadtjugendpfarramt\u201c &#8211; eine wichtige Entscheidung, wegweisend f\u00fcr Ihr weiteres Leben. Denn dort sind Sie Kurt-Helmuth Eimuth begegnet. Der Beginn einer lebenslangen Liebe.<\/span><\/span><\/p>\n<p><span style=\"font-family: Arial, serif;\"><span style=\"font-size: small;\">Ihre erste Stelle als Gemeindep\u00e4dagogin hatten Sie in der <\/span><\/span><span style=\"font-family: Arial, serif;\"><span style=\"font-size: small;\"><i>St. Katharinengemeinde<\/i><\/span><\/span><span style=\"font-family: Arial, serif;\"><span style=\"font-size: small;\">. In dieser Gemeinde haben Sie f\u00fcr sich das entdeckt, was wir heute neu-theologisch gern <\/span><\/span><span style=\"font-family: Arial, serif;\"><span style=\"font-size: small;\"><i>theologisieren<\/i><\/span><\/span><span style=\"font-family: Arial, serif;\"><span style=\"font-size: small;\"> nennen. Theologische Fragen haben Sie mehr und mehr interessiert. Vielleicht auch, weil Sie mit den Antworten der damals m\u00e4nnlichen Pfarrkollegen oftmals eher ungl\u00fccklich und unzufrieden waren.<\/span><\/span><\/p>\n<p><span style=\"font-family: Arial, serif;\"><span style=\"font-size: small;\">Also haben Sie nach 2 Jahren in der Gemeinde entschieden: <\/span><\/span><span style=\"font-family: Arial, serif;\"><span style=\"font-size: small;\"><i>\u201aIch studiere Theologie!\u2018<\/i><\/span><\/span><span style=\"font-family: Arial, serif;\"><span style=\"font-size: small;\">. Hebr\u00e4isch und Griechisch haben Sie zusammen mit Ihrem Mann in Frankfurt gelernt. Dann sind Sie f\u00fcr 2 Semester nach Heidelberg und schlie\u00dflich nach Mainz. <\/span><\/span><\/p>\n<p><span style=\"font-family: Arial, serif;\"><span style=\"font-size: small;\">Dazwischen haben Sie 1981 geheiratet. 1983 kann Ihre Tochter <\/span><\/span><span style=\"font-family: Arial, serif;\"><span style=\"font-size: small;\"><i>Anne-Elisabeth<\/i><\/span><\/span><span style=\"font-family: Arial, serif;\"><span style=\"font-size: small;\"> zur Welt. 1989 haben Sie das erste Examen abgelegt und anschlie\u00dfend Ihr Vikariat in der Gemeinde <\/span><\/span><span style=\"font-family: Arial, serif;\"><span style=\"font-size: small;\"><i>Cantate Domino<\/i><\/span><\/span><span style=\"font-family: Arial, serif;\"><span style=\"font-size: small;\"> bei Pfarrer Hermann D\u00fcringer. Daran schloss sich ein Spezial-Vikariat im Pfarramt f\u00fcr Frauenarbeit an.<\/span><\/span><\/p>\n<p><span style=\"font-family: Arial, serif;\"><span style=\"font-size: small;\">1994 sind Sie zum Diakonischen Werk der EKHN gegangen, als theologische Referentin. 1996 wurden Sie auf dieser Stelle als Pfarrerin ordiniert und beim DW bis 2002 t\u00e4tig.<\/span><\/span><\/p>\n<p><span style=\"font-family: Arial, serif;\"><span style=\"font-size: small;\">Und dann, 2002, noch einmal eine berufliche Weiterentwicklung. Jetzt in Richtung Schule. Mit Beginn des Schuljahres 2002\/2003 wurden Sie Pfarrerin im Schuldienst, an der <\/span><\/span><span style=\"font-family: Arial, serif;\"><span style=\"font-size: small;\"><i>Georg-Kerchensteiner-Schule<\/i><\/span><\/span><span style=\"font-family: Arial, serif;\"><span style=\"font-size: small;\"> in Obertshausen. <\/span><\/span><\/p>\n<p><span style=\"font-family: Arial, serif;\"><span style=\"font-size: small;\">Die Arbeit an der Schule, vor allen mit den jungen Erwachsenen im \u00dcbergang in den Beruf, bei den ersten Schritten in ein selbstst\u00e4ndiges Leben, hat Ihnen gro\u00dfe Freude gemacht. <\/span><\/span><\/p>\n<p><span style=\"font-family: Arial, serif;\"><span style=\"font-size: small;\">Hier waren Sie als Pfarrerin und Seelsorgerin an der richtigen Stelle. Auch wenn Sie offiziell keinen Auftrag zur Seelsorge hatten, haben Sie sich immer als Seelsorgerin an der Schule verstanden.<\/span><\/span><\/p>\n<p><span style=\"font-family: Arial, serif;\"><span style=\"font-size: small;\">Und die M\u00e4dchen und Jungen und Frauen und M\u00e4nner an der Schule haben Ihren Rat und das Gespr\u00e4ch mit Ihnen als Seelsorgerin dankbar gesucht. Sie waren froh, dass Sie da waren. <\/span><\/span><\/p>\n<p><span style=\"font-family: Arial, serif;\"><span style=\"font-size: small;\">Meistens haben Sie nicht nur die Evangelischen unterrichtet, sondern die ganze Klasse. Sch\u00fclerinnen und Sch\u00fcler aus unterschiedlichen sozialen Milieus, mit und ohne Glauben an Gott.<\/span><\/span><\/p>\n<p><span style=\"font-family: Arial, serif;\"><span style=\"font-size: small;\">Auf einem wichtigen Lebensabschnitt haben Sie Ihnen das Angebot gemacht, \u00fcber die existenziellen Fragen des Lebens zu sprechen. <\/span><\/span><\/p>\n<p><span style=\"font-family: Arial, serif;\"><span style=\"font-size: small;\">Die Schule hat zu Ihnen gepasst, und Sie zur Schule. Daneben haben Sie sich im Dekanat Rodgau engagiert: Sie waren Mitglied des Dekanatssynodalvorstandes und in der Synode. Und weiter auch hier in Ihrer Gemeinde in Frankfurt aktiv, z. B. auch beim Feiern von Gottesdiensten. <\/span><\/span><\/p>\n<p><span style=\"font-family: Arial, serif;\"><span style=\"font-size: small;\">Lange Jahre haben <\/span><\/span><span style=\"font-family: Arial, serif;\"><span style=\"font-size: small;\"><i><b>Sie<\/b><\/i><\/span><\/span><span style=\"font-family: Arial, serif;\"><span style=\"font-size: small;\"> junge Menschen bei Ihren existentiellen Fragen begleitet \u2013 und auf einmal \u2013 quasi aus heiterem Himmel \u2013 brach die Frage nach dem Leben, und nach dem was Leben ausmacht, in Ihr eigenes Leben. Im August 2015 traf Sie ein Schlaganfall. Ihr Leben ver\u00e4nderte sich von einem Tag auf den anderen. F\u00fcr Sie, f\u00fcr Ihren Mann, Ihre Familie, Ihre Freunde war alles anders.<\/span><\/span><\/p>\n<p><span style=\"font-family: Arial, serif;\"><span style=\"font-size: small;\">In den vergangenen 2 \u00bd Jahren haben Sie einen schweren Weg zur\u00fcckgelegt. Mit Hilfe, mit Unterst\u00fctzung und mit Liebe sind Sie ihn gegangen und haben sich St\u00fcck f\u00fcr St\u00fcck ins Leben zur\u00fcckgek\u00e4mpft. Und vielleicht kommt es auch Ihnen manchmal wie ein kleines Wunder vor, dass Sie bei all dem Schweren und Belastenden heute hier mit uns allen Gottesdienst feiern. <\/span><\/span><\/p>\n<p><span style=\"font-family: Arial, serif;\"><span style=\"font-size: small;\">Heute werde Sie von allen dienstlichen Aufgaben entbunden. Und damit verbunden feiern wir Sie, liebe Marion Eimuth.<\/span><\/span><\/p>\n<p><span style=\"font-family: Arial, serif;\"><span style=\"font-size: small;\">Und sagen \u2013 und das tue ich aus tiefstem Herzen &#8211; <\/span><\/span><span style=\"font-family: Arial, serif;\"><span style=\"font-size: small;\"><i>danke<\/i><\/span><\/span><span style=\"font-family: Arial, serif;\"><span style=\"font-size: small;\">! Dank f\u00fcr all das, wie Sie durch <\/span><\/span><span style=\"font-family: Arial, serif;\"><span style=\"font-size: small;\"><i>Ihre<\/i><\/span><\/span><span style=\"font-family: Arial, serif;\"><span style=\"font-size: small;\"> Gaben und F\u00e4higkeiten vielen, vielen anderen Menschen Freude und Lebensmut schenken konnten.<\/span><\/span><\/p>\n<p><span style=\"font-family: Arial, serif;\"><span style=\"font-size: small;\">Anderen haben Sie die Gewissheit gegeben, <\/span><\/span><span style=\"font-family: Arial, serif;\"><span style=\"font-size: small;\"><i>nicht<\/i><\/span><\/span><span style=\"font-family: Arial, serif;\"><span style=\"font-size: small;\"> allein im Leben zu stehen, sondern sich getragen zu f\u00fchlen. Das durften auch Sie erleben \u2013 ganz besonders in den vergangenen 2 Jahren \u2013 und ganz sicher auch in der Zukunft. Liebende Menschen tragen Sie!<\/span><\/span><\/p>\n<p><span style=\"font-family: Arial, serif;\"><span style=\"font-size: small;\">Ich m\u00f6chte Ihnen deshalb ein Wort aus dem Alten Testament zusprechen. Es dr\u00fcckt diesen Gedanken der Bewahrung und des Getragen- und Gehaltenwerdens aus. Ein Wort, das Mut macht und das davon spricht, dass Gott uns nicht fallen l\u00e4sst. Nicht in guten Zeiten und nicht in schweren Zeiten.<\/span><\/span><\/p>\n<p><span style=\"font-family: Arial, serif;\"><span style=\"font-size: small;\"><i><b>N\u00e4hme ich Fl\u00fcgel der Morgenr\u00f6te und bliebe am \u00e4u\u00dfersten Meer, so w\u00fcrde auch dort deine Hand mich f\u00fchren und deine Rechte mich halten. (Psalm 139.9.10)<\/b><\/i><\/span><\/span><\/p>\n<p><span style=\"font-family: Arial, serif;\"><span style=\"font-size: small;\">Liebe Marion Eimuth, bleiben Sie von Gott gef\u00fchrt und in ihm gehalten. Amen.<\/span><\/span><\/p>\n<p><span style=\"font-family: Arial, serif;\"><span style=\"font-size: medium;\"><b>Verabschiedungsteil\/ Ruhestandsversetzung <\/b><\/span><\/span><\/p>\n<p><span style=\"font-family: Arial, serif;\"><span style=\"font-size: small;\">(Verantwortlich: Jan)<\/span><\/span><\/p>\n<p><span style=\"font-family: Arial, serif;\"><i>(Jan bittet Marion Eimuth nach vorn)<\/i><\/span><\/p>\n<ul>\n<li><span style=\"font-family: Arial, serif;\"><span style=\"font-size: small;\"><b>Entpflichtung<\/b><\/span><\/span><\/li>\n<\/ul>\n<p><span style=\"font-family: Arial, serif;\"><span style=\"font-size: small;\">Liebe Marion Eimuth,<\/span><\/span><\/p>\n<p><span style=\"font-family: Arial, serif;\"><span style=\"font-size: small;\">Du hast <\/span><\/span><span style=\"font-family: Arial, serif;\"><span style=\"font-size: small;\"><b>21<\/b><\/span><\/span><span style=\"font-family: Arial, serif;\"><span style=\"font-size: small;\"> Jahre lang den Dienst als Pfarrerin der Evangelischen Kirche in Hessen und Nassau geleistet \u2013 davon die letzten fast <\/span><\/span><span style=\"font-family: Arial, serif;\"><span style=\"font-size: small;\"><b>14<\/b><\/span><\/span><span style=\"font-family: Arial, serif;\"><span style=\"font-size: small;\"> Jahre als Pfarrerin im Schuldienst.<\/span><\/span><\/p>\n<p><span style=\"font-family: Arial, serif;\"><span style=\"font-size: small;\">Dabei warst Du gebunden an die Ordinationsverpflichtung nach dem Bekenntnis und den Ordnungen unserer Kirche.<\/span><\/span><\/p>\n<p><span style=\"font-family: Arial, serif;\"><span style=\"font-size: small;\">Wir danken Gott f\u00fcr deinen Dienst, f\u00fcr den Einsatz deiner Gaben und Kr\u00e4fte, f\u00fcr deine Treue und Liebe. <\/span><\/span><\/p>\n<p><span style=\"font-family: Arial, serif;\"><span style=\"font-size: small;\">Nicht alles im Dienst einer Pfarrerin liegt vor Augen. Vieles geschieht im Verborgenen. Und doch k\u00f6nnen Fr\u00fcchte deines Wirkens wahrgenommen werden. In der Begegnung mit Menschen in der Gemeinde, in der diakonischen Arbeit und in der Schule. Daf\u00fcr sind wir dankbar.<\/span><\/span><\/p>\n<p><span style=\"font-family: Arial, serif;\"><span style=\"font-size: small;\">Mit dem Eintritt in den Ruhestand beginnt f\u00fcr dich eine neue Lebensphase. Du bist nun frei von den dienstlichen Pflichten als Pfarrerin, als Pfarrerin im Schuldienst. <\/span><\/span><\/p>\n<p><span style=\"font-family: Arial, serif;\"><span style=\"font-size: small;\">Auf Grund deiner Ordination bleibst du aber berufen, das Evangelium von Jesus Christus zu predigen, zu taufen und die Feier des Heiligen Abendmahls zu leiten. <\/span><\/span><\/p>\n<p><span style=\"font-family: Arial, serif;\"><span style=\"font-size: small;\">Und, dass das trotz Deiner Krankheit in deinem Leben wieder m\u00f6glich werden m\u00f6ge, w\u00fcnschen wir Dir von Herzen und bleiben Dir dabei in Gebet und F\u00fcrbitte verbunden. <\/span><\/span><\/p>\n<ul>\n<li><span style=\"font-family: Arial, serif;\"><span style=\"font-size: small;\"><b>Entlastungsgebet<\/b><\/span><\/span><\/li>\n<\/ul>\n<p><span style=\"font-family: Arial, serif;\"><span style=\"font-size: small;\">Lasst uns beten.<\/span><\/span><\/p>\n<p><span style=\"font-family: Arial, serif;\"><span style=\"font-size: small;\">Gott, du beschenkst deine Kirche mit guten Gaben. <\/span><\/span><\/p>\n<p><span style=\"font-family: Arial, serif;\"><span style=\"font-size: small;\">Und mit Menschen, die sich durch dich zum Dienst an den Menschen berufen f\u00fchlen.<\/span><\/span><\/p>\n<p><span style=\"font-family: Arial, serif;\"><span style=\"font-size: small;\">Wir danken dir f\u00fcr alles, was du durch Marion Eimuth gewirkt hast. <\/span><\/span><\/p>\n<p><span style=\"font-family: Arial, serif;\"><span style=\"font-size: small;\">Lass sie sp\u00fcren, wie viel Segen ihr Dienst gebracht hat.<\/span><\/span><\/p>\n<p><span style=\"font-family: Arial, serif;\"><span style=\"font-size: small;\">Wir bitten dich: Lass ihre M\u00fche nicht vergeblich sein. <\/span><\/span><\/p>\n<p><span style=\"font-family: Arial, serif;\"><span style=\"font-size: small;\">Wandle in Segen, was nicht gelungen ist, <\/span><\/span><\/p>\n<p><span style=\"font-family: Arial, serif;\"><span style=\"font-size: small;\">vergib, was sie schuldig geblieben ist.<\/span><\/span><\/p>\n<p><span style=\"font-family: Arial, serif;\"><span style=\"font-size: small;\">Und vergib uns, was wir ihr gegen\u00fcber vers\u00e4umt haben.<\/span><\/span><\/p>\n<p><span style=\"font-family: Arial, serif;\"><span style=\"font-size: small;\">Gib <\/span><\/span><span style=\"font-family: Arial, serif;\"><span style=\"font-size: small;\"><i>Marion Eimuth<\/i><\/span><\/span><span style=\"font-family: Arial, serif;\"><span style=\"font-size: small;\"> Kraft und neuen Mut f\u00fcr das Zuk\u00fcnftige.<\/span><\/span><\/p>\n<p><span style=\"font-family: Arial, serif;\"><span style=\"font-size: small;\">Geleite sie auf ihrem Weg und schenke ihr den Mut, Schritt f\u00fcr Schritt ihren Weg in das neue Leben zu gehen, auch dabei auch das alte wiederzuerlangen.<\/span><\/span><\/p>\n<p><span style=\"font-family: Arial, serif;\"><span style=\"font-size: small;\">Halte deine Hand \u00fcber sie, jetzt und allezeit und in Ewigkeit.<\/span><\/span><\/p>\n<ul>\n<li><span style=\"font-family: Arial, serif;\"><span style=\"font-size: small;\"><b>Segen zum Abschied (mit Handauflegen)<\/b><\/span><\/span><\/li>\n<\/ul>\n<p><span style=\"font-family: Arial, serif;\"><span style=\"font-size: small;\">Gott segne dir den Blick zur\u00fcck und den Schritt nach vorn.<\/span><\/span><\/p>\n<p><span style=\"font-family: Arial, serif;\"><span style=\"font-size: small;\">Gott bewahre in dir die Erfahrungen an diesem Ort.<\/span><\/span><\/p>\n<p><span style=\"font-family: Arial, serif;\"><span style=\"font-size: small;\">Gott begleite dich auf dem Weg, der vor dir liegt<\/span><\/span><\/p>\n<p><span style=\"font-family: Arial, serif;\"><span style=\"font-size: small;\">Und lasse dein Vertrauen zu ihm wachsen.<\/span><\/span><\/p>\n<p><span style=\"font-family: Arial, serif;\"><span style=\"font-size: small;\">So segne dich der barmherzige Gott,<\/span><\/span><\/p>\n<p><span style=\"font-family: Arial, serif;\"><span style=\"font-size: small;\">der Vater, der Sohn und der Heilige Geist.<\/span><\/span><\/p>\n","protected":false},"excerpt":{"rendered":"<p>W\u00fcrdigung von Marion Eimuth durch Schulamtsdirektor Jan Sch\u00e4fer Liebe Marion Eimuth, in diesem Gottesdienst verschieden wir Sie aus Ihrem aktiven Dienst als Pfarrerin in den Ruhestand. Vor einigen Wochen haben wir uns getroffen, um diesen Gottesdienst zusammen vorzubereiten. Ich bin dankbar f\u00fcr unsere Begegnung. Zusammen<\/p>\n","protected":false},"author":1,"featured_media":0,"comment_status":"open","ping_status":"open","sticky":false,"template":"","format":"standard","meta":{"footnotes":""},"categories":[1],"tags":[618,617,368,616],"class_list":["post-3272","post","type-post","status-publish","format-standard","hentry","category-allgemein","tag-entpflichtung","tag-jan-schaefer","tag-marion","tag-verabschiedung"],"_links":{"self":[{"href":"https:\/\/eimuth.de\/index.php?rest_route=\/wp\/v2\/posts\/3272","targetHints":{"allow":["GET"]}}],"collection":[{"href":"https:\/\/eimuth.de\/index.php?rest_route=\/wp\/v2\/posts"}],"about":[{"href":"https:\/\/eimuth.de\/index.php?rest_route=\/wp\/v2\/types\/post"}],"author":[{"embeddable":true,"href":"https:\/\/eimuth.de\/index.php?rest_route=\/wp\/v2\/users\/1"}],"replies":[{"embeddable":true,"href":"https:\/\/eimuth.de\/index.php?rest_route=%2Fwp%2Fv2%2Fcomments&post=3272"}],"version-history":[{"count":3,"href":"https:\/\/eimuth.de\/index.php?rest_route=\/wp\/v2\/posts\/3272\/revisions"}],"predecessor-version":[{"id":3633,"href":"https:\/\/eimuth.de\/index.php?rest_route=\/wp\/v2\/posts\/3272\/revisions\/3633"}],"wp:attachment":[{"href":"https:\/\/eimuth.de\/index.php?rest_route=%2Fwp%2Fv2%2Fmedia&parent=3272"}],"wp:term":[{"taxonomy":"category","embeddable":true,"href":"https:\/\/eimuth.de\/index.php?rest_route=%2Fwp%2Fv2%2Fcategories&post=3272"},{"taxonomy":"post_tag","embeddable":true,"href":"https:\/\/eimuth.de\/index.php?rest_route=%2Fwp%2Fv2%2Ftags&post=3272"}],"curies":[{"name":"wp","href":"https:\/\/api.w.org\/{rel}","templated":true}]}}