{"id":253,"date":"2005-01-01T16:18:50","date_gmt":"2005-01-01T16:18:50","guid":{"rendered":"http:\/\/eimuth.de\/?p=253"},"modified":"2005-01-01T16:18:50","modified_gmt":"2005-01-01T16:18:50","slug":"kein-kinderkram","status":"publish","type":"post","link":"https:\/\/eimuth.de\/?p=253","title":{"rendered":"Kein Kinderkram! Bd 1"},"content":{"rendered":"<p>Anja\u00a0Berkemeier, Dietmar\u00a0B\u00f6hm, Stefanie\u00a0Drei\u00dfen, Kurt-Helmuth\u00a0Eimuth u.a.<a href=\"https:\/\/eimuth.de\/wp-content\/uploads\/Kein-Kinderkram11.jpg\"><img loading=\"lazy\" decoding=\"async\" class=\"alignleft size-full wp-image-315\" title=\"Kein Kinderkram1\" src=\"https:\/\/eimuth.de\/wp-content\/uploads\/Kein-Kinderkram11.jpg\" alt=\"\" width=\"110\" height=\"150\" \/><\/a><\/p>\n<p><strong>Die Erzieherinnen- und Erzieherausbildung in Lernfeldern<\/strong><br \/>\n<strong>geeignet f\u00fcr:<\/strong> alle Bundesl\u00e4nder<br \/>\n<strong>Schulform:<\/strong> Berufsschule<br \/>\n<strong>Beruf:<\/strong> Erzieher<\/p>\n<p>Als zweib\u00e4ndiges Kompendium deckt \u201eKein Kinderkram!\u201c die <strong>gesamten fachbezogenen Inhalte<\/strong> der Erzieherinnen- und Erzieherausbildung ab. Dabei wurden die <strong>Lehrpl\u00e4ne der verschiedenen Bundesl\u00e4nder<\/strong> ebenso ber\u00fccksichtigt wie die <strong>Lernfeldorientierung<\/strong>. In f\u00fcnf Lernfeldern wird der Stoff in einem f\u00fcr die Zielgruppe <strong>ansprechenden Layout<\/strong>, unterst\u00fctzt durch <strong>zahlreiche Farbfotos<\/strong>, aufbereitet. Eine Gruppe von Studierenden als \u201eMusterklasse\u201c schafft in den jeweiligen <strong>Einstiegssituationen<\/strong> der Kapitel den <strong>Praxisbezug<\/strong> f\u00fcr die Auszubildenden. Die beiden B\u00fccher sind chronologisch, analog dem Ausbildungsfortschritt, aufgebaut. In den jeweiligen <strong>Aufgabenkomplexen<\/strong> pro Kapitel wird der geforderten Handlungsorientierung besonders Rechnung getragen.<\/p>\n<p><strong>Vorwort<\/strong><\/p>\n<p>Erzieherinnen* bilden. Und wer bildet, muss selbst gebildet sein. Muss etwas wissen von dem, wie kleine und gr\u00f6\u00dfere Menschen lernen. Muss die Zusammenh\u00e4nge verstehen. Muss bereit sein sich lebenslang &#8222;weiter&#8220;zubilden. Und wer <strong>Bildungsprozesse <\/strong>selbst gestalten will, muss sein eigenes Wirken kennen.<\/p>\n<p>Es ist keineswegs kinderleicht, sich mit diesem &#8222;Kinderkram&#8220; auseinander zu setzen. Wie bedeutend die Bildungsprozesse von Anfang an sind, ist der Allgemeinheit in der Diskussion um die Ergebnisse der PISA-Studie bewusst geworden. Der <strong>Bildungsauftrag <\/strong>in Kindertagesst\u00e4tten und Horten besteht schon lange. Schlie\u00dflich ist die Erkenntnis sprichw\u00f6rtlich: <em>&#8222;Was H\u00e4nschen nicht lernt, lernt Hans nimmermehr!&#8220;<\/em><\/p>\n<p>Die Anforderungen an diejenigen, die solches umsetzen sollen, sind enorm. Anforderungen, denen sich nicht nur jede Erzieherin und jeder Erzieher stellen muss, sondern denen sich auch dieses vorliegende Lehrbuch stellt Es ist das erste Werk dieser Art, das als zweib\u00e4ndiges Kompendium <strong>die wesentlichsten Inhalte der Erzieherausbildung <\/strong>abbildet Dabei wurden die Lehrpl\u00e4ne der einzelnen Bundesl\u00e4nder ebenso wie die <strong>Lernfeldorientierung <\/strong>ber\u00fccksichtigt. Eine Gruppe von Studierenden beschreibt eingangs eine Situation in einer Tageseinrichtung f\u00fcr Kinder, die im anschlie\u00dfenden Kapitel theoretisch aufgearbeitet wird. Fragen zur Vertiefung und der Hinweis auf weiterf\u00fchrende Literatur runden die einzelnen Kapitel ab.<\/p>\n<p>&#8222;Kein Kinderkram!&#8220; hat den Anspruch, die wesentlichsten Inhalte f\u00fcr den Beruf der Erzieherin \u00fcbersichtlich zusammengestellt zu haben. Es stellt eine Sammlung dessen dar, was eine Erzieherin heute in der Ausbildung mindestens gelernt haben sollte. Nicht mehr und nicht weniger. Insofern kann sich jede Studierende am Ende der Ausbildung selbst pr\u00fcfen, ob sie <strong>fit f\u00fcr den Beruf <\/strong>ist Und sicher eignet sich dieses Werk auch als Nachschlagewerk f\u00fcr die Einrichtungen. Hier kann man eben mal schnell nachschlagen, was bei der Projektarbeit zu beachten ist wie ein Beobachtungsbogen aussehen k\u00f6nnte oder ob denn offene Planung auch in der eigenen Einrichtung machbar ist.<\/p>\n<p>&#8222;Kein Kinderkram!&#8220; wurde von einem Autorenteam aus Fachschulen der verschiedenen Bundesl\u00e4nder erarbeitet Es ist ein Buch <strong>aus der Praxis f\u00fcr die Praxis. <\/strong>Deshalb w\u00fcrde sich das Autorenteam auch \u00fcber R\u00fcckmeldungen aus der Praxis freuen.<\/p>\n<p>Im Januar 2005<\/p>\n<p><em>Kurt-Helmuth\u00a0<strong>Eimuth<\/strong><br \/>\nim Namen des Autorenteams<\/em><\/p>\n","protected":false},"excerpt":{"rendered":"<p>Anja\u00a0Berkemeier, Dietmar\u00a0B\u00f6hm, Stefanie\u00a0Drei\u00dfen, Kurt-Helmuth\u00a0Eimuth u.a. Die Erzieherinnen- und Erzieherausbildung in Lernfeldern geeignet f\u00fcr: alle Bundesl\u00e4nder Schulform: Berufsschule Beruf: Erzieher Als zweib\u00e4ndiges Kompendium deckt \u201eKein Kinderkram!\u201c die gesamten fachbezogenen Inhalte der Erzieherinnen- und Erzieherausbildung ab. Dabei wurden die Lehrpl\u00e4ne der verschiedenen Bundesl\u00e4nder ebenso ber\u00fccksichtigt wie die<\/p>\n","protected":false},"author":1,"featured_media":0,"comment_status":"open","ping_status":"open","sticky":false,"template":"","format":"standard","meta":{"footnotes":""},"categories":[10],"tags":[8,26,28],"class_list":["post-253","post","type-post","status-publish","format-standard","hentry","category-publikationen","tag-erzieherinnen","tag-kita","tag-padagogik"],"_links":{"self":[{"href":"https:\/\/eimuth.de\/index.php?rest_route=\/wp\/v2\/posts\/253","targetHints":{"allow":["GET"]}}],"collection":[{"href":"https:\/\/eimuth.de\/index.php?rest_route=\/wp\/v2\/posts"}],"about":[{"href":"https:\/\/eimuth.de\/index.php?rest_route=\/wp\/v2\/types\/post"}],"author":[{"embeddable":true,"href":"https:\/\/eimuth.de\/index.php?rest_route=\/wp\/v2\/users\/1"}],"replies":[{"embeddable":true,"href":"https:\/\/eimuth.de\/index.php?rest_route=%2Fwp%2Fv2%2Fcomments&post=253"}],"version-history":[{"count":0,"href":"https:\/\/eimuth.de\/index.php?rest_route=\/wp\/v2\/posts\/253\/revisions"}],"wp:attachment":[{"href":"https:\/\/eimuth.de\/index.php?rest_route=%2Fwp%2Fv2%2Fmedia&parent=253"}],"wp:term":[{"taxonomy":"category","embeddable":true,"href":"https:\/\/eimuth.de\/index.php?rest_route=%2Fwp%2Fv2%2Fcategories&post=253"},{"taxonomy":"post_tag","embeddable":true,"href":"https:\/\/eimuth.de\/index.php?rest_route=%2Fwp%2Fv2%2Ftags&post=253"}],"curies":[{"name":"wp","href":"https:\/\/api.w.org\/{rel}","templated":true}]}}