{"id":239,"date":"2002-08-15T16:15:14","date_gmt":"2002-08-15T16:15:14","guid":{"rendered":"http:\/\/eimuth.de\/?p=239"},"modified":"2002-08-15T16:15:14","modified_gmt":"2002-08-15T16:15:14","slug":"terror-um-gottes-willen","status":"publish","type":"post","link":"https:\/\/eimuth.de\/?p=239","title":{"rendered":"Terror &#8211; um Gottes Willen"},"content":{"rendered":"<h3><a href=\"https:\/\/eimuth.de\/wp-content\/uploads\/1039196842_Terror.jpg\"><img loading=\"lazy\" decoding=\"async\" class=\"alignright size-full wp-image-240\" title=\"1039196842_Terror\" src=\"https:\/\/eimuth.de\/wp-content\/uploads\/1039196842_Terror.jpg\" alt=\"\" width=\"82\" height=\"140\" \/><\/a>Kurt-Helmuth Eimuth\/Lutz Lemh\u00f6fer (Hrsg.)<\/h3>\n<h3>Terror &#8211; um Gottes Willen<\/h3>\n<h3>Weltreligionen und Gewalt<\/h3>\n<p>Frankfurt 2002 GEP, 112 S. mit Abb., kart.<br \/>\n6,90 \u20ac, ISBN 3-932194-63-2<\/p>\n<p>Der Schock der Attentate vom 11. September 2001 in New York und Washington hat die Diskussion \u00fcber das Verh\u00e4ltnis von Religion zur Gewalt neu entfacht. Schlie\u00dflich begriffen sich die Attent\u00e4ter als muslimische \u201eGotteskrieger\u201c. Die Diskussion greift aber zu kurz, wenn nur das Verh\u00e4ltnis des Islam zur Gewalt thematisiert wird. Alle Religionen kennen sowohl latente Gewaltbereitschaft als auch eine Friedensbotschaft.<\/p>\n<p>Was davon zum Tragen kommt, h\u00e4ngt nicht nur, aber auch von den jeweiligen historischen Rahmenbedingungen ab. Um so mehr gilt es, die Motivationskraft der Religionen zu nutzen, damit wirklich \u201eFriede und Gerechtigkeit sich k\u00fcssen\u201c (Psalm 85,11).<\/p>\n<p>Das GEP-Taschenbuch, soeben unter dem Titel \u201eTerror um Gottes Willen?\u201c erschienen, greift das Thema auf und zeigt, dass die angesprochene Problematik auch eine sehr direkte Bedeutung f\u00fcr das allt\u00e4gliche Leben von Menschen besitzt, \u00e4hnlich wie auch f\u00fcr das Selbstverst\u00e4ndnis christlicher Gemeinden.<\/p>\n<p>Seit dem 11. September 2001 wird die Frage religi\u00f6s begr\u00fcndeter Gewalt mit zunehmender Sch\u00e4rfe diskutiert: Ist Religion schlechthin oder sind einzelne Religionen ihrem Wesen nach gewaltt\u00e4tig? Oder wird die urspr\u00fcngliche Friedensethik der Religionen pervertiert?<\/p>\n<p>Der vorliegende Band untersucht die Haltung der Weltreligionen zur Anwendung oder Rechtfertigung von Gewalt. Ein besonderer Augenmerk gilt der offenen oder latenten Gewaltsamkeit in sektenhaften oder fundamentalistischen Verengungen von Religion.<\/p>\n<p>Mit Beitr\u00e4gen von Pablo D\u00edaz D\u00edaz, Kurt-Helmuth Eimuth, Josef Estermann, G\u00fcnther Bernd Ginzel, Lutz Lemh\u00f6fer, Katja Sindemann, Luise Thu\u00df sowie zwei Texten der Bisch\u00f6fe Wolfgang Huber (evangelisch) und Franz Kamphaus (katholisch).<\/p>\n","protected":false},"excerpt":{"rendered":"<p>Kurt-Helmuth Eimuth\/Lutz Lemh\u00f6fer (Hrsg.) Terror &#8211; um Gottes Willen Weltreligionen und Gewalt Frankfurt 2002 GEP, 112 S. mit Abb., kart. 6,90 \u20ac, ISBN 3-932194-63-2 Der Schock der Attentate vom 11. September 2001 in New York und Washington hat die Diskussion \u00fcber das Verh\u00e4ltnis von Religion<\/p>\n","protected":false},"author":1,"featured_media":0,"comment_status":"open","ping_status":"open","sticky":false,"template":"","format":"standard","meta":{"footnotes":""},"categories":[10],"tags":[412,65],"class_list":["post-239","post","type-post","status-publish","format-standard","hentry","category-publikationen","tag-sekten","tag-terror"],"_links":{"self":[{"href":"https:\/\/eimuth.de\/index.php?rest_route=\/wp\/v2\/posts\/239","targetHints":{"allow":["GET"]}}],"collection":[{"href":"https:\/\/eimuth.de\/index.php?rest_route=\/wp\/v2\/posts"}],"about":[{"href":"https:\/\/eimuth.de\/index.php?rest_route=\/wp\/v2\/types\/post"}],"author":[{"embeddable":true,"href":"https:\/\/eimuth.de\/index.php?rest_route=\/wp\/v2\/users\/1"}],"replies":[{"embeddable":true,"href":"https:\/\/eimuth.de\/index.php?rest_route=%2Fwp%2Fv2%2Fcomments&post=239"}],"version-history":[{"count":0,"href":"https:\/\/eimuth.de\/index.php?rest_route=\/wp\/v2\/posts\/239\/revisions"}],"wp:attachment":[{"href":"https:\/\/eimuth.de\/index.php?rest_route=%2Fwp%2Fv2%2Fmedia&parent=239"}],"wp:term":[{"taxonomy":"category","embeddable":true,"href":"https:\/\/eimuth.de\/index.php?rest_route=%2Fwp%2Fv2%2Fcategories&post=239"},{"taxonomy":"post_tag","embeddable":true,"href":"https:\/\/eimuth.de\/index.php?rest_route=%2Fwp%2Fv2%2Ftags&post=239"}],"curies":[{"name":"wp","href":"https:\/\/api.w.org\/{rel}","templated":true}]}}