{"id":2181,"date":"2012-11-20T23:43:04","date_gmt":"2012-11-20T21:43:04","guid":{"rendered":"http:\/\/eimuth.de\/?p=2181"},"modified":"2020-12-30T16:33:56","modified_gmt":"2020-12-30T14:33:56","slug":"qualitat-setzt-sich-durch","status":"publish","type":"post","link":"https:\/\/eimuth.de\/?p=2181","title":{"rendered":"Qualit\u00e4t setzt sich durch"},"content":{"rendered":"\n<div class=\"wp-block-image\"><figure class=\"alignright\"><a href=\"https:\/\/eimuth.de\/wp-content\/uploads\/2012\/11\/Kita-Zertifizierung05.jpg\"><img decoding=\"async\" src=\"https:\/\/eimuth.de\/wp-content\/uploads\/2012\/11\/Kita-Zertifizierung05-300x209.jpg\" alt=\"\" class=\"wp-image-2182\"\/><\/a><figcaption>Kurt-Helmuth Eimuth in der Diakoniekirche Wei\u00dffrauen<\/figcaption><\/figure><\/div>\n\n\n\n<p><span style=\"font-family: Times New Roman,serif;\"><span style=\"font-size: small;\">Kindertagesst\u00e4tten sind bei der Qualit\u00e4tsentwicklung Vorreiter in der evangelischen Kirche in Frankfurt. Dieses Jahr haben sich acht weitere Kitas nach der Norm DIN EN ISO 9001: 2008 zertifizieren lassen. Bei einer Festveranstaltung in der Wei\u00dffrauen Diakoniekirche am Montag, 19. November, wurden die Urkunden \u00fcberreicht. Qualit\u00e4tsmanagement bedeute Verbindlichkeit, Kontinuit\u00e4t und Transparenz, sagte der Leiter des Diakonischen Werks f\u00fcr Frankfurt am Main, Pfarrer Michael Frase. \u201eDie Eltern wissen, wie gearbeitet wird. Das schafft Vertrauen.\u201c <\/span><\/span><\/p>\n\n\n\n<p><span style=\"font-family: Times New Roman,serif;\"><span style=\"font-size: small;\">Die evangelischen Einrichtungen sind erfolgreich und setzen Akzente. Der Matth\u00e4ushort der Hoffnungsgemeinde im Westend bietet neben der intensiven Hausaufgabenbetreuung Theater-, Musik- und Tanzateliers. Hier haben die Kinder sogar einen Film gedreht. Die Kita Vers\u00f6hnung der Gemeinde Frieden und Vers\u00f6hnung im Gallusviertel feiert jeden Freitag morgens um neun einen Gottesdienst, \u201emit oder ohne Pfarrer\u201c. Die Johanniskita der Gemeinde Bornheim hat sich seit \u00fcber 15 Jahren auf Integration und Inklusion spezialisiert und betreut selbst Kinder mit Schwerstbehinderungen. Im Kinder- und Familienzentrum der Riederwalder Philippusgemeinde hat man ein internationales Kochprojekt auf die Beine gestellt, und die Kita im Apfelviertel der Preungesheimer Kreuzgemeinde hat unter dem Motto \u201eM\u00e4nner in die Kitas\u201c 13 Erzieher ins Team geholt. Herausforderungen und Aktivit\u00e4ten sind so vielf\u00e4ltig wie die Gro\u00dfstadt Frankfurt und immer \u201eorientiert an den jeweiligen Bed\u00fcrfnissen der Kinder und Familien\u201c, so der Leiter des Arbeitsbereichs Kindertagesst\u00e4tten beim Diakonischen Werk, Kurt-Helmuth Eimuth.<\/span><\/span><\/p>\n\n\n\n<p><span style=\"font-family: Times New Roman,serif;\"><span style=\"font-size: small;\">Die Qualit\u00e4tsstelle beim Diakonischen Werk stellt sicher, dass alle Kitas ein funktionierendes Qualit\u00e4tsmanagement-System besitzen. Bei Audits durch die externe Zertifizierungsgesellschaft Procumzert werden die Standards jedes Jahr \u00fcberpr\u00fcft. 73 der 80 Einrichtungen beim Diakonischen Werk befinden sich im Qualifizierungsprozess, insgesamt 24 sind bereits zertifiziert. <\/span><\/span><\/p>\n\n\n\n<p><span style=\"font-family: Times New Roman,serif;\"><span style=\"font-size: small;\">Barbara Kernbach Kita-aktuell Nov. 2012<br><\/span><\/span><\/p>\n","protected":false},"excerpt":{"rendered":"<p>Kindertagesst\u00e4tten sind bei der Qualit\u00e4tsentwicklung Vorreiter in der evangelischen Kirche in Frankfurt. Dieses Jahr haben sich acht weitere Kitas nach der Norm DIN EN ISO 9001: 2008 zertifizieren lassen. Bei einer Festveranstaltung in der Wei\u00dffrauen Diakoniekirche am Montag, 19. November, wurden die Urkunden \u00fcberreicht. Qualit\u00e4tsmanagement<\/p>\n","protected":false},"author":1,"featured_media":0,"comment_status":"open","ping_status":"open","sticky":false,"template":"","format":"standard","meta":{"footnotes":""},"categories":[7,654,407,11],"tags":[355],"class_list":["post-2181","post","type-post","status-publish","format-standard","hentry","category-bilder","category-kita","category-kitaaktuell","category-presse","tag-kinder-qm-kita"],"_links":{"self":[{"href":"https:\/\/eimuth.de\/index.php?rest_route=\/wp\/v2\/posts\/2181","targetHints":{"allow":["GET"]}}],"collection":[{"href":"https:\/\/eimuth.de\/index.php?rest_route=\/wp\/v2\/posts"}],"about":[{"href":"https:\/\/eimuth.de\/index.php?rest_route=\/wp\/v2\/types\/post"}],"author":[{"embeddable":true,"href":"https:\/\/eimuth.de\/index.php?rest_route=\/wp\/v2\/users\/1"}],"replies":[{"embeddable":true,"href":"https:\/\/eimuth.de\/index.php?rest_route=%2Fwp%2Fv2%2Fcomments&post=2181"}],"version-history":[{"count":2,"href":"https:\/\/eimuth.de\/index.php?rest_route=\/wp\/v2\/posts\/2181\/revisions"}],"predecessor-version":[{"id":3837,"href":"https:\/\/eimuth.de\/index.php?rest_route=\/wp\/v2\/posts\/2181\/revisions\/3837"}],"wp:attachment":[{"href":"https:\/\/eimuth.de\/index.php?rest_route=%2Fwp%2Fv2%2Fmedia&parent=2181"}],"wp:term":[{"taxonomy":"category","embeddable":true,"href":"https:\/\/eimuth.de\/index.php?rest_route=%2Fwp%2Fv2%2Fcategories&post=2181"},{"taxonomy":"post_tag","embeddable":true,"href":"https:\/\/eimuth.de\/index.php?rest_route=%2Fwp%2Fv2%2Ftags&post=2181"}],"curies":[{"name":"wp","href":"https:\/\/api.w.org\/{rel}","templated":true}]}}