{"id":1989,"date":"2012-03-30T11:29:44","date_gmt":"2012-03-30T09:29:44","guid":{"rendered":"http:\/\/eimuth.de\/?p=1989"},"modified":"2020-12-30T16:55:40","modified_gmt":"2020-12-30T14:55:40","slug":"1989","status":"publish","type":"post","link":"https:\/\/eimuth.de\/?p=1989","title":{"rendered":"Nicht nachlassen, Herr Becker!"},"content":{"rendered":"<div id=\"eintrag-8986\">\n<h2>Evangelisches Frankfurt M\u00e4rz 2012<\/h2>\n<div id=\"attachment_7603\"><a rel=\"attachment wp-att-7603\" href=\"https:\/\/eimuth.de\/?attachment_id=7603\"><img loading=\"lazy\" decoding=\"async\" title=\"Kurt-Helmuth Eimuth\" src=\"http:\/\/evangelischesfrankfurt.de\/wp-content\/uploads\/2011\/11\/Blog-oes-Eimuth-152x200.jpg\" alt=\"\" width=\"152\" height=\"200\"><\/a>Kurt-Helmuth Eimuth ist Leiter der Redaktion von &#8222;Evangelisches Frankfurt&#8220;. Foto: Rolf Oeser&nbsp;<\/p>\n<\/div>\n<p>Der Ausbau der Kinderbetreuung geht langsamer voran als geplant. Die  Gr\u00fcnde sind vielf\u00e4ltig, auch nachvollziehbar und doch kann das Eltern  nicht tr\u00f6sten, die verzweifelt einen Betreuungsplatz f\u00fcr ihr Kind  suchen. Besonders prek\u00e4r ist die Lage in Frankfurt bei den ganz Kleinen  und den Gro\u00dfen: Vor allem Krippen- und Hortpl\u00e4tze sind rar.<\/p>\n<p>Grund ist der Geburtenanstieg und der Zuzug junger Familien nach  Frankfurt: Jedes Jahr w\u00e4chst die Zahl der Kinder um etwa 400. Frankfurt  ist eben eine Kinderstadt. Und das nicht nur in den Neubaugebieten wie  etwa dem Riedberg. Besonders beliebt bei jungen Familien sind auch das  Nordend, das Ostend und Sachsenhausen.<\/p>\n<p>In der Summe hat die Stadt seit 2003 bereits weit \u00fcber 8.000  Kinderbetreuungspl\u00e4tze neu geschaffen. Eine gewaltige Anstrengung und  ein gewaltiges finanzielles Engagement. Jetzt hat der K\u00e4mmerer die  Rei\u00dfleine gezogen. Nicht mehr f\u00fcr jedes zweite Kind soll ein Krippenlatz  zur Verf\u00fcgung stehen, sondern nur noch f\u00fcr vierzig Prozent. Mit Recht  kann Uwe Becker auf die fehlenden Immobilien, auf fehlende Fachkr\u00e4fte  und auf die ersch\u00f6pfte Bundesf\u00f6rderung verweisen. Ist zwar  nachvollziehbar, war aber vorhersehbar.<\/p>\n<p>Es bleibt also die Frage: Wie will die Stadt den Rechtsanspruch auf  eine Betreuung auch der J\u00fcngsten ab dem 1. August 2013 erf\u00fcllen? Oder  wird sich die Politik aus der Verantwortung stehlen, in dem sie schnell  noch eine \u00dcbergangsregelung erl\u00e4sst? Eltern und Gesellschaft haben ihre  Einstellung zur Kinderbetreuung in den letzten Jahren ver\u00e4ndert. Die  hohe Akzeptanz wird dazu f\u00fchren, dass selbst die jetzt nicht erf\u00fcllten  Planzahlen dem tats\u00e4chlichen Bedarf hinterherhinken.<\/p>\n<p>Die famili\u00e4re Planung geht heute davon aus, dass nach der Elternzeit  ein Krippenplatz, dann ein Kindergartenplatz und mit der Einschulung  eine entsprechende Betreuung in der Schule oder im Hort zur Verf\u00fcgung  steht. Nur so kann eine Berufst\u00e4tigkeit beider Eltern erm\u00f6glicht werden.<\/p>\n<p>Eine Gesellschaft, die demn\u00e4chst unter einem dramatischen  Fachkr\u00e4ftemangel leiden wird, kann es sich nicht leisten, Eltern hier  kein attraktives Angebot zu machen. Wir brauchen mehr und wir brauchen  sehr gute Kinderbetreuungseinrichtungen. Hier darf nicht gespart werden.  Der Kinder wegen, aber auch aus wirtschaftlichen Gr\u00fcnden. Nachlassen,  Herr Becker, gilt nicht.<\/p>\n<p>Kurt-Helmuth Eimuth<\/p>\n<\/div>\n","protected":false},"excerpt":{"rendered":"<p>Evangelisches Frankfurt M\u00e4rz 2012 Kurt-Helmuth Eimuth ist Leiter der Redaktion von &#8222;Evangelisches Frankfurt&#8220;. Foto: Rolf Oeser&nbsp; Der Ausbau der Kinderbetreuung geht langsamer voran als geplant. Die Gr\u00fcnde sind vielf\u00e4ltig, auch nachvollziehbar und doch kann das Eltern nicht tr\u00f6sten, die verzweifelt einen Betreuungsplatz f\u00fcr ihr Kind<\/p>\n","protected":false},"author":1,"featured_media":0,"comment_status":"open","ping_status":"open","sticky":false,"template":"","format":"standard","meta":{"footnotes":""},"categories":[1,2,654,6],"tags":[312,58,26,178],"class_list":["post-1989","post","type-post","status-publish","format-standard","hentry","category-allgemein","category-artikel","category-kita","category-kommentar","tag-hort","tag-kinder","tag-kita","tag-stadt-frankfurt"],"_links":{"self":[{"href":"https:\/\/eimuth.de\/index.php?rest_route=\/wp\/v2\/posts\/1989","targetHints":{"allow":["GET"]}}],"collection":[{"href":"https:\/\/eimuth.de\/index.php?rest_route=\/wp\/v2\/posts"}],"about":[{"href":"https:\/\/eimuth.de\/index.php?rest_route=\/wp\/v2\/types\/post"}],"author":[{"embeddable":true,"href":"https:\/\/eimuth.de\/index.php?rest_route=\/wp\/v2\/users\/1"}],"replies":[{"embeddable":true,"href":"https:\/\/eimuth.de\/index.php?rest_route=%2Fwp%2Fv2%2Fcomments&post=1989"}],"version-history":[{"count":2,"href":"https:\/\/eimuth.de\/index.php?rest_route=\/wp\/v2\/posts\/1989\/revisions"}],"predecessor-version":[{"id":3890,"href":"https:\/\/eimuth.de\/index.php?rest_route=\/wp\/v2\/posts\/1989\/revisions\/3890"}],"wp:attachment":[{"href":"https:\/\/eimuth.de\/index.php?rest_route=%2Fwp%2Fv2%2Fmedia&parent=1989"}],"wp:term":[{"taxonomy":"category","embeddable":true,"href":"https:\/\/eimuth.de\/index.php?rest_route=%2Fwp%2Fv2%2Fcategories&post=1989"},{"taxonomy":"post_tag","embeddable":true,"href":"https:\/\/eimuth.de\/index.php?rest_route=%2Fwp%2Fv2%2Ftags&post=1989"}],"curies":[{"name":"wp","href":"https:\/\/api.w.org\/{rel}","templated":true}]}}