{"id":1980,"date":"2012-03-05T06:19:25","date_gmt":"2012-03-05T04:19:25","guid":{"rendered":"http:\/\/eimuth.de\/?p=1980"},"modified":"2020-12-30T16:55:56","modified_gmt":"2020-12-30T14:55:56","slug":"kirche-muss-sich-auf-veralterung-einstellen","status":"publish","type":"post","link":"https:\/\/eimuth.de\/?p=1980","title":{"rendered":"Kirche muss sich auf Veralterung einstellen"},"content":{"rendered":"<div id=\"eintrag-8883\">\n<h2>Kirche muss sich auf Veralterung einstellen<\/h2>\n<div id=\"attachment_8888\"><a rel=\"attachment wp-att-8888\" href=\"https:\/\/eimuth.de\/?attachment_id=8888\"><img loading=\"lazy\" decoding=\"async\" title=\"Winfried K\u00f6sters\" src=\"http:\/\/evangelischesfrankfurt.de\/wp-content\/uploads\/2012\/03\/120303-ERV-Tag-0131.jpg\" alt=\"\" width=\"500\" height=\"281\"><\/a>Winfried K\u00f6sters beim Tag der Offenen T\u00fcr im Evangelischen Regionalverband Frankfurt. Foto: Kurt-Helmuth Eimuth<\/p>\n<\/div>\n<p>Die Gesellschaft wird bunter und \u00e4lter, aber auch kleiner: Der  demografische Wandel erzeugt eine in der Geschichte der Menschheit  einmalige Situation. Der Anteil der \u00dcber-65-J\u00e4hrigen steige stetig,  sagte der Wissenschaftsjournalist Winfried K\u00f6sters gestern beim Tag der  offenen T\u00fcr des Evangelischen Regionalverbandes, und: \u201eDie Zahl der  verkauften Inkontinenzwindeln \u00fcbersteigt schon heute die Zahl der  Baby-Windeln.\u201c<\/p>\n<p>Auch wenn Frankfurt im Vergleich zu anderen Regionen in Deutschland  eine sehr \u201ejunge\u201c Stadt sei, so m\u00fcsse doch die evangelische Kirche ihre  Zukunft mit \u00e4lter werdenden Mitgliedern gestalten. Und obwohl in  Frankfurt \u2013 wie in anderen Metropolen auch \u2013 noch relativ viele j\u00fcngere  Menschen leben, altere auch hier die Bev\u00f6lkerung im Schnitt.<\/p>\n<p>K\u00f6sters zeigte auf, dass der demografische Wandel alle Bereiche des  gesellschaftlichen und kirchlichen Lebens betrifft: Kirchengeb\u00e4ude  m\u00fcssten f\u00fcr Menschen mit Rollatoren zug\u00e4nglich sein. Das Engagement von  und f\u00fcr alte Menschen m\u00fcsse \u00fcberdacht werden. Die heutigen Rentner und  Rentnerinnen seien sehr unterschiedlich. Es komme ja auch niemand auf  den Gedanken, bei einem 22-J\u00e4hrigen und einem 44-J\u00e4hrigen von ein und  derselben Generation zu sprechen. Der 62-J\u00e4hrige werde aber ebenso wie  der 84-J\u00e4hrige in die Kategorie \u201eSenior\u201c sortiert.&nbsp; Die Generation der  \u00e4lteren Menschen m\u00fcsse viel differenzierter wahrgenommen werden.<\/p>\n<p>Insbesondere auf dem Arbeitsmarkt werde die Ver\u00e4nderung sp\u00fcrbar, so  K\u00f6sters: \u201eWir brauchen jedes Kind.\u201c Trotzdem w\u00fcrden in Deutschland jedes  Jahr 65.000 Jugendliche die Schule ohne Abschluss verlassen. Auch die  Alten m\u00fcsse man im Berufsleben anders in den Blick nehmen. In wenigen  Jahren bereits werde jeder zweite Besch\u00e4ftigte \u00e4lter als 50 Jahre sein.  Und man brauche die Potenziale der zugewanderten Menschen. Zudem gebe es  auf einem ver\u00e4nderten Arbeitsmarkt auch Chancen f\u00fcr Menschen mit  Behinderung.<\/p>\n<p>Die demografische Entwicklung spiegelt sich auch im kirchlichen  Personal wider. Zwei Drittel aller Pfarrerinnen und Pfarrer gehen in den  kommenden 13 Jahren in Pension, f\u00fchrte Franz Grubauer von der  Evangelischen Kirche in Hessen und Nassau aus. In der Mitarbeiterschaft  Frankfurter evangelischen Kirche sind es 39&nbsp; Prozent. Die Zahl der  Kirchenmitglieder werde gleichen Zeitraum in Frankfurt um gut zehn  Prozent schrumpfen, im Rhein-Main-Gebiet sogar um 17 Prozent.<\/p>\n<p>Kurt-Helmuth Eimuth<\/p>\n<p>Evangelisches Frankfurt 3.M\u00e4rz 2012 via facebook<\/p>\n<\/div>\n","protected":false},"excerpt":{"rendered":"<p>Kirche muss sich auf Veralterung einstellen Winfried K\u00f6sters beim Tag der Offenen T\u00fcr im Evangelischen Regionalverband Frankfurt. Foto: Kurt-Helmuth Eimuth Die Gesellschaft wird bunter und \u00e4lter, aber auch kleiner: Der demografische Wandel erzeugt eine in der Geschichte der Menschheit einmalige Situation. Der Anteil der \u00dcber-65-J\u00e4hrigen<\/p>\n","protected":false},"author":1,"featured_media":0,"comment_status":"open","ping_status":"open","sticky":false,"template":"","format":"standard","meta":{"footnotes":""},"categories":[1,2,7],"tags":[307],"class_list":["post-1980","post","type-post","status-publish","format-standard","hentry","category-allgemein","category-artikel","category-bilder","tag-dominikanerkloster-regionalverband-demografie-pfarrer-kirche-zukunft"],"_links":{"self":[{"href":"https:\/\/eimuth.de\/index.php?rest_route=\/wp\/v2\/posts\/1980","targetHints":{"allow":["GET"]}}],"collection":[{"href":"https:\/\/eimuth.de\/index.php?rest_route=\/wp\/v2\/posts"}],"about":[{"href":"https:\/\/eimuth.de\/index.php?rest_route=\/wp\/v2\/types\/post"}],"author":[{"embeddable":true,"href":"https:\/\/eimuth.de\/index.php?rest_route=\/wp\/v2\/users\/1"}],"replies":[{"embeddable":true,"href":"https:\/\/eimuth.de\/index.php?rest_route=%2Fwp%2Fv2%2Fcomments&post=1980"}],"version-history":[{"count":2,"href":"https:\/\/eimuth.de\/index.php?rest_route=\/wp\/v2\/posts\/1980\/revisions"}],"predecessor-version":[{"id":3891,"href":"https:\/\/eimuth.de\/index.php?rest_route=\/wp\/v2\/posts\/1980\/revisions\/3891"}],"wp:attachment":[{"href":"https:\/\/eimuth.de\/index.php?rest_route=%2Fwp%2Fv2%2Fmedia&parent=1980"}],"wp:term":[{"taxonomy":"category","embeddable":true,"href":"https:\/\/eimuth.de\/index.php?rest_route=%2Fwp%2Fv2%2Fcategories&post=1980"},{"taxonomy":"post_tag","embeddable":true,"href":"https:\/\/eimuth.de\/index.php?rest_route=%2Fwp%2Fv2%2Ftags&post=1980"}],"curies":[{"name":"wp","href":"https:\/\/api.w.org\/{rel}","templated":true}]}}