{"id":1856,"date":"2008-05-11T05:53:27","date_gmt":"2008-05-11T05:53:27","guid":{"rendered":"http:\/\/eimuth.de\/?p=1856"},"modified":"2008-05-11T05:53:27","modified_gmt":"2008-05-11T05:53:27","slug":"den-stummen-eine-stimme-jurges","status":"publish","type":"post","link":"https:\/\/eimuth.de\/?p=1856","title":{"rendered":"Den Stummen eine Stimme (J\u00fcrges)"},"content":{"rendered":"<p><a href=\"https:\/\/eimuth.de\/wp-content\/uploads\/2008\/05\/BILD.jpg\"><img loading=\"lazy\" decoding=\"async\" src=\"https:\/\/eimuth.de\/wp-content\/uploads\/2008\/05\/BILD-673x1024.jpg\" alt=\"\" title=\"Gedenktafel am Familie-J\u00fcrges-Platz, Frankfurt-Gutleut\" width=\"620\" height=\"943\" class=\"alignleft size-large wp-image-1862\" \/><\/a>Den Stummen eine Stimme<br \/>\nVeranstaltungen zum 25. Todestag von Familie J\u00fcrges<\/p>\n<p>[30.04.2008] Vor 25 Jahren starb die Pfarrersfamilie J\u00fcrges. Martin J\u00fcrges, Pfarrer der evangelischen Gutleutgemeinde, seine Frau Irmtraud, Sohn Jan (11), Tochter Katharina (1), Mutter Erna (77) und Nichte Gesine Wagner (19) sind auf dem Weg zu einem Familienausflug ins Gr\u00fcne, als am 22. Mai 1983 ihr Auto auf der Autobahn von brennenden Wrackteilen eines Milit\u00e4rjets getroffen wird.<br \/>\nZur Erinnerung an das engagierte Pfarrerehepaar und seine Familie l\u00e4dt die Evangelische Hoffnungsgemeinde zu mehreren Veranstaltungen ein.<br \/>\nAm Pfingstsonntag, 11. Mai, um 12 Uhr findet ein Gedenken an der Unfallstelle am Kreuz an der Einm\u00fcndung Otto-Fleck-Schneise statt.<br \/>\nAm Dienstag, 20. Mai, um 19 Uhr wird im Martin-J\u00fcrges-Haus, Gutleutstra\u00dfe 131, eine Ausstellung zu Leben und Wirken er\u00f6ffnet. Zu Gast ist Ulrike Bremer, Autorin des HR-Films &#8222;Die t\u00f6dliche Flugschau von Frankfurt&#8220;. Zu sehen ist die Ausstellung bis 1. Juni t\u00e4glich von 13 bis 18 Uhr.<br \/>\nEinen Gottesdienst zum Gedenken an Familie J\u00fcrges gestalten Diakon Kurt Kirmes sowie der Posaunen- und der Kirchenchor der Hoffnungsgemeinde am Sonntag, 25. Mai, um 10 Uhr in der evangelischen Gutleutkirche, Gutleutstra\u00dfe 121.<br \/>\nTexte von Irmtraud J\u00fcrges-Kie\u00dfling, Martin J\u00fcrges und Gesine Wagner sind am Dienstag, 27. Mai, um 19 Uhr im Martin-J\u00fcrges-Haus, Gutleutstra\u00dfe 131, zu h\u00f6ren. Unter dem Titel &#8222;Im Feuer ist mein Leben verbrannt&#8220; lesen Kurt-Helmuth und Marion Eimuth. Musik kommt von Marion Eimuth und Lutz Lemh\u00f6fer. <\/p>\n","protected":false},"excerpt":{"rendered":"<p>Den Stummen eine Stimme Veranstaltungen zum 25. Todestag von Familie J\u00fcrges [30.04.2008] Vor 25 Jahren starb die Pfarrersfamilie J\u00fcrges. Martin J\u00fcrges, Pfarrer der evangelischen Gutleutgemeinde, seine Frau Irmtraud, Sohn Jan (11), Tochter Katharina (1), Mutter Erna (77) und Nichte Gesine Wagner (19) sind auf dem<\/p>\n","protected":false},"author":1,"featured_media":0,"comment_status":"open","ping_status":"open","sticky":false,"template":"","format":"standard","meta":{"footnotes":""},"categories":[1,7,11],"tags":[],"class_list":["post-1856","post","type-post","status-publish","format-standard","hentry","category-allgemein","category-bilder","category-presse"],"_links":{"self":[{"href":"https:\/\/eimuth.de\/index.php?rest_route=\/wp\/v2\/posts\/1856","targetHints":{"allow":["GET"]}}],"collection":[{"href":"https:\/\/eimuth.de\/index.php?rest_route=\/wp\/v2\/posts"}],"about":[{"href":"https:\/\/eimuth.de\/index.php?rest_route=\/wp\/v2\/types\/post"}],"author":[{"embeddable":true,"href":"https:\/\/eimuth.de\/index.php?rest_route=\/wp\/v2\/users\/1"}],"replies":[{"embeddable":true,"href":"https:\/\/eimuth.de\/index.php?rest_route=%2Fwp%2Fv2%2Fcomments&post=1856"}],"version-history":[{"count":0,"href":"https:\/\/eimuth.de\/index.php?rest_route=\/wp\/v2\/posts\/1856\/revisions"}],"wp:attachment":[{"href":"https:\/\/eimuth.de\/index.php?rest_route=%2Fwp%2Fv2%2Fmedia&parent=1856"}],"wp:term":[{"taxonomy":"category","embeddable":true,"href":"https:\/\/eimuth.de\/index.php?rest_route=%2Fwp%2Fv2%2Fcategories&post=1856"},{"taxonomy":"post_tag","embeddable":true,"href":"https:\/\/eimuth.de\/index.php?rest_route=%2Fwp%2Fv2%2Ftags&post=1856"}],"curies":[{"name":"wp","href":"https:\/\/api.w.org\/{rel}","templated":true}]}}